{"id":1343,"date":"2024-04-18T07:28:26","date_gmt":"2024-04-18T07:28:26","guid":{"rendered":"https:\/\/sociale.catrianerone.pu.it\/?p=1343"},"modified":"2024-04-18T07:29:00","modified_gmt":"2024-04-18T07:29:00","slug":"pr-marche-fse-2021-2027-asse-inclusione-sociale-os-4-k-progetti-di-potenziamento-degli-ats-dgr-1086-2023","status":"publish","type":"post","link":"https:\/\/sociale.catrianerone.pu.it\/?p=1343","title":{"rendered":"PR Marche FSE+ 2021\/2027 \u2013 Asse Inclusione sociale. OS 4.k Progetti di potenziamento degli ATS. DGR 1086\/2023"},"content":{"rendered":"<p>Il Documento attuativo del Programma Regionale (PR) del FSE+ 2021\/2027 approvato con DGR n. 202\/2023 ha previsto, nell\u2019ambito dell\u2019OS 4.k, un intervento con la finalit\u00e0 di garantire la continuit\u00e0 dell\u2019azione di potenziamento delle funzioni degli ATS avviata con i progetti attivati sperimentalmente con la programmazione FSE 2014\/2020, nonch\u00e9 di consolidare il miglioramento della qualit\u00e0 e la sistematicit\u00e0 delle prestazioni\/servizi, in particolare la presa in carico, e di ampliare la gamma di funzioni potenziate.<\/p>\n<p>L\u2019ampliamento della gamma delle funzioni potenziate si concentra sulle misure volte a promuovere la permanenza a domicilio delle persone fragili, prevenendone l\u2019istituzionalizzazione, in sintonia con le strategie delle recenti normative nazionali in materia di non autosufficienza e disabilit\u00e0.<\/p>\n<p>Gli <strong>obiettivi<\/strong> da raggiungere sono: migliorare l&#8217;accesso paritario e tempestivo a servizi di qualit\u00e0, sostenibili e a prezzi accessibili, compresi i servizi che promuovono l&#8217;accesso agli alloggi e all&#8217;assistenza incentrata sulla persona, anche in ambito sanitario; modernizzare i sistemi di protezione sociale, anche promuovendo l&#8217;accesso alla protezione sociale, prestando particolare attenzione ai minori e ai gruppi svantaggiati; migliorare l&#8217;accessibilit\u00e0, anche per le persone con disabilit\u00e0, l&#8217;efficacia e la resilienza dei sistemi sanitari e dei servizi di assistenza di lunga durata.<\/p>\n<p>L\u2019intervento si pone in continuit\u00e0 ai precedenti di cui alle DGR 1223\/2016 e DGR 646\/2019; ha una durata di 30 mesi dal 01\/07\/2023 al 31\/12\/2025.<\/p>\n<p>Il sostegno finanziario assegnato all\u2019ATS 3 a valere sul FSE+ \u00e8 pari a <strong>\u20ac 870.004,80.<\/strong><\/p>\n<p><a href=\"https:\/\/sociale.catrianerone.pu.it\/wp-content\/uploads\/2024\/04\/Manifesto-OS-4.k.pdf\">Manifesto PR FSE+ OS 4.k<\/a><\/p>\n","protected":false},"excerpt":{"rendered":"<p>Il Documento attuativo del Programma Regionale (PR) del FSE+ 2021\/2027 approvato con DGR n. 202\/2023 ha previsto, nell\u2019ambito dell\u2019OS 4.k, un intervento con la finalit\u00e0 &#8230; <\/p>\n","protected":false},"author":4,"featured_media":1339,"comment_status":"closed","ping_status":"closed","sticky":false,"template":"","format":"standard","meta":{"footnotes":""},"categories":[3],"tags":[],"yoast_head":"<!-- This site is optimized with the Yoast SEO plugin v22.6 - https:\/\/yoast.com\/wordpress\/plugins\/seo\/ -->\r\n<title>PR Marche FSE+ 2021\/2027 \u2013 Asse Inclusione sociale. OS 4.k Progetti di potenziamento degli ATS. DGR 1086\/2023 - Ambito Sociale 3<\/title>\r\n<meta name=\"robots\" content=\"index, follow, max-snippet:-1, max-image-preview:large, max-video-preview:-1\" \/>\r\n<link rel=\"canonical\" href=\"https:\/\/sociale.catrianerone.pu.it\/?p=1343\" \/>\r\n<meta property=\"og:locale\" content=\"it_IT\" \/>\r\n<meta property=\"og:type\" content=\"article\" \/>\r\n<meta property=\"og:title\" content=\"PR Marche FSE+ 2021\/2027 \u2013 Asse Inclusione sociale. OS 4.k Progetti di potenziamento degli ATS. DGR 1086\/2023 - Ambito Sociale 3\" \/>\r\n<meta property=\"og:description\" content=\"Il Documento attuativo del Programma Regionale (PR) del FSE+ 2021\/2027 approvato con DGR n. 202\/2023 ha previsto, nell\u2019ambito dell\u2019OS 4.k, un intervento con la finalit\u00e0 ...\" \/>\r\n<meta property=\"og:url\" content=\"https:\/\/sociale.catrianerone.pu.it\/?p=1343\" \/>\r\n<meta property=\"og:site_name\" content=\"Ambito Sociale 3\" \/>\r\n<meta property=\"article:publisher\" content=\"https:\/\/www.facebook.com\/profile.php?id=100064800606320\" \/>\r\n<meta property=\"article:published_time\" content=\"2024-04-18T07:28:26+00:00\" \/>\r\n<meta property=\"article:modified_time\" content=\"2024-04-18T07:29:00+00:00\" \/>\r\n<meta property=\"og:image\" content=\"https:\/\/sociale.catrianerone.pu.it\/wp-content\/uploads\/2024\/03\/logo-coesione-italia.jpg\" \/>\r\n\t<meta property=\"og:image:width\" content=\"300\" \/>\r\n\t<meta property=\"og:image:height\" content=\"278\" \/>\r\n\t<meta property=\"og:image:type\" content=\"image\/jpeg\" \/>\r\n<meta name=\"author\" content=\"Francesco Giombini\" \/>\r\n<meta name=\"twitter:card\" content=\"summary_large_image\" \/>\r\n<meta name=\"twitter:label1\" content=\"Scritto da\" \/>\n\t<meta name=\"twitter:data1\" content=\"Francesco Giombini\" \/>\n\t<meta name=\"twitter:label2\" content=\"Tempo di lettura stimato\" \/>\n\t<meta name=\"twitter:data2\" content=\"2 minuti\" \/>\r\n<script type=\"application\/ld+json\" class=\"yoast-schema-graph\">{\"@context\":\"https:\/\/schema.org\",\"@graph\":[{\"@type\":\"Article\",\"@id\":\"https:\/\/sociale.catrianerone.pu.it\/?p=1343#article\",\"isPartOf\":{\"@id\":\"https:\/\/sociale.catrianerone.pu.it\/?p=1343\"},\"author\":{\"name\":\"Francesco Giombini\",\"@id\":\"https:\/\/sociale.catrianerone.pu.it\/#\/schema\/person\/5d212ea349b3866a02a23191e1f2524c\"},\"headline\":\"PR Marche FSE+ 2021\/2027 \u2013 Asse Inclusione sociale. OS 4.k Progetti di potenziamento degli ATS. DGR 1086\/2023\",\"datePublished\":\"2024-04-18T07:28:26+00:00\",\"dateModified\":\"2024-04-18T07:29:00+00:00\",\"mainEntityOfPage\":{\"@id\":\"https:\/\/sociale.catrianerone.pu.it\/?p=1343\"},\"wordCount\":252,\"publisher\":{\"@id\":\"https:\/\/sociale.catrianerone.pu.it\/#organization\"},\"image\":{\"@id\":\"https:\/\/sociale.catrianerone.pu.it\/?p=1343#primaryimage\"},\"thumbnailUrl\":\"https:\/\/sociale.catrianerone.pu.it\/wp-content\/uploads\/2024\/03\/logo-coesione-italia.jpg\",\"articleSection\":[\"News\"],\"inLanguage\":\"it-IT\"},{\"@type\":\"WebPage\",\"@id\":\"https:\/\/sociale.catrianerone.pu.it\/?p=1343\",\"url\":\"https:\/\/sociale.catrianerone.pu.it\/?p=1343\",\"name\":\"PR Marche FSE+ 2021\/2027 \u2013 Asse Inclusione sociale. OS 4.k Progetti di potenziamento degli ATS. DGR 1086\/2023 - Ambito Sociale 3\",\"isPartOf\":{\"@id\":\"https:\/\/sociale.catrianerone.pu.it\/#website\"},\"primaryImageOfPage\":{\"@id\":\"https:\/\/sociale.catrianerone.pu.it\/?p=1343#primaryimage\"},\"image\":{\"@id\":\"https:\/\/sociale.catrianerone.pu.it\/?p=1343#primaryimage\"},\"thumbnailUrl\":\"https:\/\/sociale.catrianerone.pu.it\/wp-content\/uploads\/2024\/03\/logo-coesione-italia.jpg\",\"datePublished\":\"2024-04-18T07:28:26+00:00\",\"dateModified\":\"2024-04-18T07:29:00+00:00\",\"breadcrumb\":{\"@id\":\"https:\/\/sociale.catrianerone.pu.it\/?p=1343#breadcrumb\"},\"inLanguage\":\"it-IT\",\"potentialAction\":[{\"@type\":\"ReadAction\",\"target\":[\"https:\/\/sociale.catrianerone.pu.it\/?p=1343\"]}]},{\"@type\":\"ImageObject\",\"inLanguage\":\"it-IT\",\"@id\":\"https:\/\/sociale.catrianerone.pu.it\/?p=1343#primaryimage\",\"url\":\"https:\/\/sociale.catrianerone.pu.it\/wp-content\/uploads\/2024\/03\/logo-coesione-italia.jpg\",\"contentUrl\":\"https:\/\/sociale.catrianerone.pu.it\/wp-content\/uploads\/2024\/03\/logo-coesione-italia.jpg\",\"width\":300,\"height\":278},{\"@type\":\"BreadcrumbList\",\"@id\":\"https:\/\/sociale.catrianerone.pu.it\/?p=1343#breadcrumb\",\"itemListElement\":[{\"@type\":\"ListItem\",\"position\":1,\"name\":\"Home\",\"item\":\"https:\/\/sociale.catrianerone.pu.it\/\"},{\"@type\":\"ListItem\",\"position\":2,\"name\":\"PR Marche FSE+ 2021\/2027 \u2013 Asse Inclusione sociale. OS 4.k Progetti di potenziamento degli ATS. DGR 1086\/2023\"}]},{\"@type\":\"WebSite\",\"@id\":\"https:\/\/sociale.catrianerone.pu.it\/#website\",\"url\":\"https:\/\/sociale.catrianerone.pu.it\/\",\"name\":\"Ambito Sociale 3\",\"description\":\"Sito dei Servizi Sociali dell&#039;Unione Montana del Catria e Nerone\",\"publisher\":{\"@id\":\"https:\/\/sociale.catrianerone.pu.it\/#organization\"},\"potentialAction\":[{\"@type\":\"SearchAction\",\"target\":{\"@type\":\"EntryPoint\",\"urlTemplate\":\"https:\/\/sociale.catrianerone.pu.it\/?s={search_term_string}\"},\"query-input\":\"required name=search_term_string\"}],\"inLanguage\":\"it-IT\"},{\"@type\":\"Organization\",\"@id\":\"https:\/\/sociale.catrianerone.pu.it\/#organization\",\"name\":\"Ambito Sociale 3\",\"url\":\"https:\/\/sociale.catrianerone.pu.it\/\",\"logo\":{\"@type\":\"ImageObject\",\"inLanguage\":\"it-IT\",\"@id\":\"https:\/\/sociale.catrianerone.pu.it\/#\/schema\/logo\/image\/\",\"url\":\"https:\/\/sociale.catrianerone.pu.it\/wp-content\/uploads\/2022\/11\/logo-Ambito3.png\",\"contentUrl\":\"https:\/\/sociale.catrianerone.pu.it\/wp-content\/uploads\/2022\/11\/logo-Ambito3.png\",\"width\":483,\"height\":149,\"caption\":\"Ambito Sociale 3\"},\"image\":{\"@id\":\"https:\/\/sociale.catrianerone.pu.it\/#\/schema\/logo\/image\/\"},\"sameAs\":[\"https:\/\/www.facebook.com\/profile.php?id=100064800606320\"]},{\"@type\":\"Person\",\"@id\":\"https:\/\/sociale.catrianerone.pu.it\/#\/schema\/person\/5d212ea349b3866a02a23191e1f2524c\",\"name\":\"Francesco Giombini\",\"url\":\"https:\/\/sociale.catrianerone.pu.it\/?author=4\"}]}<\/script>\r\n<!-- \/ Yoast SEO plugin. -->","yoast_head_json":{"title":"PR Marche FSE+ 2021\/2027 \u2013 Asse Inclusione sociale. OS 4.k Progetti di potenziamento degli ATS. DGR 1086\/2023 - Ambito Sociale 3","robots":{"index":"index","follow":"follow","max-snippet":"max-snippet:-1","max-image-preview":"max-image-preview:large","max-video-preview":"max-video-preview:-1"},"canonical":"https:\/\/sociale.catrianerone.pu.it\/?p=1343","og_locale":"it_IT","og_type":"article","og_title":"PR Marche FSE+ 2021\/2027 \u2013 Asse Inclusione sociale. OS 4.k Progetti di potenziamento degli ATS. DGR 1086\/2023 - Ambito Sociale 3","og_description":"Il Documento attuativo del Programma Regionale (PR) del FSE+ 2021\/2027 approvato con DGR n. 202\/2023 ha previsto, nell\u2019ambito dell\u2019OS 4.k, un intervento con la finalit\u00e0 ...","og_url":"https:\/\/sociale.catrianerone.pu.it\/?p=1343","og_site_name":"Ambito Sociale 3","article_publisher":"https:\/\/www.facebook.com\/profile.php?id=100064800606320","article_published_time":"2024-04-18T07:28:26+00:00","article_modified_time":"2024-04-18T07:29:00+00:00","og_image":[{"width":300,"height":278,"url":"https:\/\/sociale.catrianerone.pu.it\/wp-content\/uploads\/2024\/03\/logo-coesione-italia.jpg","type":"image\/jpeg"}],"author":"Francesco Giombini","twitter_card":"summary_large_image","twitter_misc":{"Scritto da":"Francesco Giombini","Tempo di lettura stimato":"2 minuti"},"schema":{"@context":"https:\/\/schema.org","@graph":[{"@type":"Article","@id":"https:\/\/sociale.catrianerone.pu.it\/?p=1343#article","isPartOf":{"@id":"https:\/\/sociale.catrianerone.pu.it\/?p=1343"},"author":{"name":"Francesco Giombini","@id":"https:\/\/sociale.catrianerone.pu.it\/#\/schema\/person\/5d212ea349b3866a02a23191e1f2524c"},"headline":"PR Marche FSE+ 2021\/2027 \u2013 Asse Inclusione sociale. OS 4.k Progetti di potenziamento degli ATS. DGR 1086\/2023","datePublished":"2024-04-18T07:28:26+00:00","dateModified":"2024-04-18T07:29:00+00:00","mainEntityOfPage":{"@id":"https:\/\/sociale.catrianerone.pu.it\/?p=1343"},"wordCount":252,"publisher":{"@id":"https:\/\/sociale.catrianerone.pu.it\/#organization"},"image":{"@id":"https:\/\/sociale.catrianerone.pu.it\/?p=1343#primaryimage"},"thumbnailUrl":"https:\/\/sociale.catrianerone.pu.it\/wp-content\/uploads\/2024\/03\/logo-coesione-italia.jpg","articleSection":["News"],"inLanguage":"it-IT"},{"@type":"WebPage","@id":"https:\/\/sociale.catrianerone.pu.it\/?p=1343","url":"https:\/\/sociale.catrianerone.pu.it\/?p=1343","name":"PR Marche FSE+ 2021\/2027 \u2013 Asse Inclusione sociale. OS 4.k Progetti di potenziamento degli ATS. DGR 1086\/2023 - Ambito Sociale 3","isPartOf":{"@id":"https:\/\/sociale.catrianerone.pu.it\/#website"},"primaryImageOfPage":{"@id":"https:\/\/sociale.catrianerone.pu.it\/?p=1343#primaryimage"},"image":{"@id":"https:\/\/sociale.catrianerone.pu.it\/?p=1343#primaryimage"},"thumbnailUrl":"https:\/\/sociale.catrianerone.pu.it\/wp-content\/uploads\/2024\/03\/logo-coesione-italia.jpg","datePublished":"2024-04-18T07:28:26+00:00","dateModified":"2024-04-18T07:29:00+00:00","breadcrumb":{"@id":"https:\/\/sociale.catrianerone.pu.it\/?p=1343#breadcrumb"},"inLanguage":"it-IT","potentialAction":[{"@type":"ReadAction","target":["https:\/\/sociale.catrianerone.pu.it\/?p=1343"]}]},{"@type":"ImageObject","inLanguage":"it-IT","@id":"https:\/\/sociale.catrianerone.pu.it\/?p=1343#primaryimage","url":"https:\/\/sociale.catrianerone.pu.it\/wp-content\/uploads\/2024\/03\/logo-coesione-italia.jpg","contentUrl":"https:\/\/sociale.catrianerone.pu.it\/wp-content\/uploads\/2024\/03\/logo-coesione-italia.jpg","width":300,"height":278},{"@type":"BreadcrumbList","@id":"https:\/\/sociale.catrianerone.pu.it\/?p=1343#breadcrumb","itemListElement":[{"@type":"ListItem","position":1,"name":"Home","item":"https:\/\/sociale.catrianerone.pu.it\/"},{"@type":"ListItem","position":2,"name":"PR Marche FSE+ 2021\/2027 \u2013 Asse Inclusione sociale. OS 4.k Progetti di potenziamento degli ATS. DGR 1086\/2023"}]},{"@type":"WebSite","@id":"https:\/\/sociale.catrianerone.pu.it\/#website","url":"https:\/\/sociale.catrianerone.pu.it\/","name":"Ambito Sociale 3","description":"Sito dei Servizi Sociali dell&#039;Unione Montana del Catria e Nerone","publisher":{"@id":"https:\/\/sociale.catrianerone.pu.it\/#organization"},"potentialAction":[{"@type":"SearchAction","target":{"@type":"EntryPoint","urlTemplate":"https:\/\/sociale.catrianerone.pu.it\/?s={search_term_string}"},"query-input":"required name=search_term_string"}],"inLanguage":"it-IT"},{"@type":"Organization","@id":"https:\/\/sociale.catrianerone.pu.it\/#organization","name":"Ambito Sociale 3","url":"https:\/\/sociale.catrianerone.pu.it\/","logo":{"@type":"ImageObject","inLanguage":"it-IT","@id":"https:\/\/sociale.catrianerone.pu.it\/#\/schema\/logo\/image\/","url":"https:\/\/sociale.catrianerone.pu.it\/wp-content\/uploads\/2022\/11\/logo-Ambito3.png","contentUrl":"https:\/\/sociale.catrianerone.pu.it\/wp-content\/uploads\/2022\/11\/logo-Ambito3.png","width":483,"height":149,"caption":"Ambito Sociale 3"},"image":{"@id":"https:\/\/sociale.catrianerone.pu.it\/#\/schema\/logo\/image\/"},"sameAs":["https:\/\/www.facebook.com\/profile.php?id=100064800606320"]},{"@type":"Person","@id":"https:\/\/sociale.catrianerone.pu.it\/#\/schema\/person\/5d212ea349b3866a02a23191e1f2524c","name":"Francesco Giombini","url":"https:\/\/sociale.catrianerone.pu.it\/?author=4"}]}},"_links":{"self":[{"href":"https:\/\/sociale.catrianerone.pu.it\/index.php?rest_route=\/wp\/v2\/posts\/1343"}],"collection":[{"href":"https:\/\/sociale.catrianerone.pu.it\/index.php?rest_route=\/wp\/v2\/posts"}],"about":[{"href":"https:\/\/sociale.catrianerone.pu.it\/index.php?rest_route=\/wp\/v2\/types\/post"}],"author":[{"embeddable":true,"href":"https:\/\/sociale.catrianerone.pu.it\/index.php?rest_route=\/wp\/v2\/users\/4"}],"replies":[{"embeddable":true,"href":"https:\/\/sociale.catrianerone.pu.it\/index.php?rest_route=%2Fwp%2Fv2%2Fcomments&post=1343"}],"version-history":[{"count":1,"href":"https:\/\/sociale.catrianerone.pu.it\/index.php?rest_route=\/wp\/v2\/posts\/1343\/revisions"}],"predecessor-version":[{"id":1346,"href":"https:\/\/sociale.catrianerone.pu.it\/index.php?rest_route=\/wp\/v2\/posts\/1343\/revisions\/1346"}],"wp:featuredmedia":[{"embeddable":true,"href":"https:\/\/sociale.catrianerone.pu.it\/index.php?rest_route=\/wp\/v2\/media\/1339"}],"wp:attachment":[{"href":"https:\/\/sociale.catrianerone.pu.it\/index.php?rest_route=%2Fwp%2Fv2%2Fmedia&parent=1343"}],"wp:term":[{"taxonomy":"category","embeddable":true,"href":"https:\/\/sociale.catrianerone.pu.it\/index.php?rest_route=%2Fwp%2Fv2%2Fcategories&post=1343"},{"taxonomy":"post_tag","embeddable":true,"href":"https:\/\/sociale.catrianerone.pu.it\/index.php?rest_route=%2Fwp%2Fv2%2Ftags&post=1343"}],"curies":[{"name":"wp","href":"https:\/\/api.w.org\/{rel}","templated":true}]}}