{"id":1596,"date":"2025-10-16T08:45:19","date_gmt":"2025-10-16T08:45:19","guid":{"rendered":"https:\/\/sociale.catrianerone.pu.it\/?p=1596"},"modified":"2025-10-16T08:45:19","modified_gmt":"2025-10-16T08:45:19","slug":"avviso-progetto-vita-indipendente-ministeriale-per-le-persone-con-disabilita","status":"publish","type":"post","link":"https:\/\/sociale.catrianerone.pu.it\/?p=1596","title":{"rendered":"AVVISO PROGETTO VITA INDIPENDENTE MINISTERIALE PER LE PERSONE CON DISABILIT\u00c0"},"content":{"rendered":"<div>\n<p>Dal 15 ottobre al 3 novembre \u00e8\u00a0possibile presentare la domanda\u00a0finalizzata\u00a0alla realizzazione di\u00a0ulteriori\u00a0progetti personalizzati di\u00a0\u201cVita Indipendente Ministeriale\u201d,\u00a0cos\u00ec come approvate dal Comitato dei Sindaci dell\u2019ATS n.6 con Deliberazione n. 14 del 07\/10\/2025, nei territori ricompresi nei 6 Ambiti Territoriali Sociali della Provincia di Pesaro e Urbino.<\/p>\n<p>A tal fine, l&#8217;ATS n.6 in qualit\u00e0 di capofila provinciale, ha approvato l&#8217;Avviso pubblico per l&#8217;anno 2026 destinato a coloro che intendono manifestare il proprio interesse a sperimentare progetti di Vita Indipendente Ministeriale, o loro delegati e\u00a0che non risultino gi\u00e0\u00a0 collocati nella graduatoria dell\u2019anno 2025, poich\u00e9 per questi ultimi la prosecuzione \u00e8 garantita.<\/p>\n<\/div>\n<header class=\"frame-header\">\n<h2 class=\"mt-1 mb-3 p-2 element-header \">AREA DI INTERVENTO<\/h2>\n<\/header>\n<p><small>Il finanziamento \u00e8 finalizzato a supportare i costi\u00a0dell\u2019Assistente Personale,\u00a0liberamente scelto dalla persona mediante regolare contratto tra le parti nel quale risultano indicati\u00a0modalit\u00e0 e tempi di realizzazione delle azioni richieste e previste nel Progetto Personalizzato di Vita Indipendente condiviso con la stessa persona con disabilit\u00e0 al fine di raggiungere una maggiore autonomia.<\/small><\/p>\n<p><small>L&#8217;Assistente Personale \u00e8 un operatore che si prende cura della persona con disabilit\u00e0 contribuendone a sostenere il suo benessere psico-fisico; agisce secondo quanto previsto nel \u201cProgetto Personalizzato di Vita Indipendente\u201d condiviso con la persona e redatto dalle Unit\u00e0 Multidisciplinari dell\u2019Et\u00e0 Adulta e dal Dipartimento di Salute Mentale dell\u2019AST di Pesaro Urbino, a cui spetta la presa in carico delle persone con disabilit\u00e0 e delle persone con problemi di salute mentale<\/small><\/p>\n<p><small>s<\/small><small>upporta la persona con disabilit\u00e0 in tutte le sue esigenze che possono riguardare i diversi ambiti della vita: cura della persona, ambito domestico, studio, formazione e lavoro, attivit\u00e0 ricreative e sportive, partecipazione alla vita sociale, civile e di comunit\u00e0.<\/small><\/p>\n<p><small>Ogni onere assicurativo o previdenziale riguardante gli Assistenti Personali \u00e8 a carico della persona con disabilit\u00e0\/datore di lavoro. Nel caso in cui la scelta cada su un Assistente Personale dipendente di un&#8217;impresa profit o no-profit, la persona con disabilit\u00e0 dovr\u00e0 sottoscrivere direttamente con l&#8217;impresa un contratto per la fornitura del servizio di assistenza.<\/small><\/p>\n<header class=\"frame-header\">\n<h2 class=\"mt-1 mb-3 p-2 element-header \">CONTRIBUTO RICONOSCIBILE<\/h2>\n<\/header>\n<p><span style=\"font-family: Calibri, sans-serif;\"><span style=\"font-family: Times New Roman, serif;\"><b>PROGETTI AMMESSI E CONTRIBUTO CONCEDIBILE<\/b><\/span><\/span><\/p>\n<p>Potr\u00e0 essere finanziato un numero di progetti fino alla massima capienza delle somme disponibili, pari ad\u00a0\u20ac\u00a0334.566,00.<\/p>\n<p>L\u2019intervento economico si sostanzia nel riconoscimento di un contributo a sostegno delle spese\u00a0per assistenti personali autogestiti,\u00a0scelti dalla persona con disabilit\u00e0.<\/p>\n<p>Indipendentemente dal budget attribuito al Progetto Personalizzato, il finanziamento individuale massimo riconosciuto al beneficiario per la durata dell\u2019intervento di 12 mesi \u00e8 commisurato ai seguenti livelli di intensit\u00e0 assistenziale:<\/p>\n<p>&#8211; livello molto alto: \u20ac 13.000,00;<\/p>\n<p>&#8211; livello alto: \u20ac 10.500,00;<\/p>\n<p>&#8211; livello medio: \u20ac 8.500,00;<\/p>\n<p>&#8211; livello basso: \u20ac 7.000,00<\/p>\n<p class=\"western\"><strong>MODALIT\u00c0 DI FINANZIAMENTO E DURATA DEI PROGETTI<\/strong><\/p>\n<p>Fermo restando il rifinanziamento, per l\u2019anno 2026, delle progettualit\u00e0 di coloro che risultano gi\u00e0 beneficiari della medesima misura per l\u2019anno 2025, saranno finanziati i progetti di vita indipendente di coloro che risultino collocati in posizione utile nella graduatoria unica provinciale, sino a concorrenza della somma massima disponibile.<\/p>\n<p>I progetti, per l\u2019anno 2026,\u00a0avranno una durata massima di 12 mesi, con decorrenza dal 1\u00b0 gennaio 2026 e fino al 31 dicembre 2026\u00a0e comunque decorrenti dalla data di stipula di regolare contratto di lavoro.<\/p>\n<p>Nel caso in cui le risorse disponibili risultassero in eccedenza rispetto al contributo massimo assegnabile ai beneficiari, in virt\u00f9 della necessit\u00e0 di utilizzare completamente le risorse assegnate, i soggetti ammessi al beneficio potranno usufruire di un incremento proporzionale del valore economico attribuito.<\/p>\n<p>Nel caso in cui le risorse a disposizione risultassero non sufficienti a garantire l\u2019erogazione completa del contributo previsto al beneficiario collocato in posizione utile, in virt\u00f9 della necessit\u00e0 di utilizzare completamente le risorse assegnate, lo stesso potr\u00e0 usufruire di un contributo ridotto rispetto a quello indicato in relazione alle effettive disponibilit\u00e0 residue.<\/p>\n<header class=\"frame-header\">\n<h2 class=\"mt-1 mb-3 p-2 element-header \">MODALIT\u00c0 DI PRESENTAZIONE DELLA DOMANDA<\/h2>\n<\/header>\n<p><span style=\"font-family: Calibri, sans-serif;\"><span style=\"font-family: Times New Roman, serif;\">La domanda dovr\u00e0 pervenire, con le formalit\u00e0 previste, al\u00a0<\/span><span style=\"font-family: Times New Roman, serif;\"><u>Comune capofila dell\u2019A.T.S. territorialmente competente.<\/u><\/span><\/span><\/p>\n<p class=\"lead\"><span style=\"font-family: Calibri, sans-serif;\"><span style=\"font-family: Times New Roman, serif;\"><b>DAL 15 OTTOBRE 2025 AL 3 NOVEMBRE 2025<\/b><\/span><\/span><\/p>\n<p><a href=\"https:\/\/sociale.catrianerone.pu.it\/wp-content\/uploads\/2025\/10\/2026_AVVISO_PUBBLICO_VITA_INDIPENDENTE_MINISTERIALE_2026_signed.pdf\">Avviso Pubblico Vita Indipendente<\/a><\/p>\n<p><a href=\"https:\/\/sociale.catrianerone.pu.it\/wp-content\/uploads\/2025\/10\/Allegato_A_diretto_interessato.pdf\">Allegato A &#8211; Modello domande redatta dal diretto interessato<\/a><\/p>\n<p><a href=\"https:\/\/sociale.catrianerone.pu.it\/wp-content\/uploads\/2025\/10\/Allegato_A1_redatto_da_terzi.pdf\">Allegato A1 &#8211; Modello domanda redatta da terzi<\/a><\/p>\n<p>&nbsp;<\/p>\n<p>&nbsp;<\/p>\n<p>&nbsp;<\/p>\n","protected":false},"excerpt":{"rendered":"<p>Dal 15 ottobre al 3 novembre \u00e8\u00a0possibile presentare la domanda\u00a0finalizzata\u00a0alla realizzazione di\u00a0ulteriori\u00a0progetti personalizzati di\u00a0\u201cVita Indipendente Ministeriale\u201d,\u00a0cos\u00ec come approvate dal Comitato dei Sindaci dell\u2019ATS n.6 con &#8230; <\/p>\n","protected":false},"author":4,"featured_media":1600,"comment_status":"closed","ping_status":"closed","sticky":false,"template":"","format":"standard","meta":{"footnotes":""},"categories":[16,2,3],"tags":[],"yoast_head":"<!-- This site is optimized with the Yoast SEO plugin v22.6 - https:\/\/yoast.com\/wordpress\/plugins\/seo\/ -->\r\n<title>AVVISO PROGETTO VITA INDIPENDENTE MINISTERIALE PER LE PERSONE CON DISABILIT\u00c0 - Ambito Sociale 3<\/title>\r\n<meta name=\"robots\" content=\"index, follow, max-snippet:-1, max-image-preview:large, max-video-preview:-1\" \/>\r\n<link rel=\"canonical\" href=\"https:\/\/sociale.catrianerone.pu.it\/?p=1596\" \/>\r\n<meta property=\"og:locale\" content=\"it_IT\" \/>\r\n<meta property=\"og:type\" content=\"article\" \/>\r\n<meta property=\"og:title\" content=\"AVVISO PROGETTO VITA INDIPENDENTE MINISTERIALE PER LE PERSONE CON DISABILIT\u00c0 - Ambito Sociale 3\" \/>\r\n<meta property=\"og:description\" content=\"Dal 15 ottobre al 3 novembre \u00e8\u00a0possibile presentare la domanda\u00a0finalizzata\u00a0alla realizzazione di\u00a0ulteriori\u00a0progetti personalizzati di\u00a0\u201cVita Indipendente Ministeriale\u201d,\u00a0cos\u00ec come approvate dal Comitato dei Sindaci dell\u2019ATS n.6 con ...\" \/>\r\n<meta property=\"og:url\" content=\"https:\/\/sociale.catrianerone.pu.it\/?p=1596\" \/>\r\n<meta property=\"og:site_name\" content=\"Ambito Sociale 3\" \/>\r\n<meta property=\"article:publisher\" content=\"https:\/\/www.facebook.com\/profile.php?id=100064800606320\" \/>\r\n<meta property=\"article:published_time\" content=\"2025-10-16T08:45:19+00:00\" \/>\r\n<meta property=\"og:image\" content=\"https:\/\/sociale.catrianerone.pu.it\/wp-content\/uploads\/2025\/10\/Immagine-vita-indipendente.jpg\" \/>\r\n\t<meta property=\"og:image:width\" content=\"600\" \/>\r\n\t<meta property=\"og:image:height\" content=\"420\" \/>\r\n\t<meta property=\"og:image:type\" content=\"image\/jpeg\" \/>\r\n<meta name=\"author\" content=\"Francesco Giombini\" \/>\r\n<meta name=\"twitter:card\" content=\"summary_large_image\" \/>\r\n<meta name=\"twitter:label1\" content=\"Scritto da\" \/>\n\t<meta name=\"twitter:data1\" content=\"Francesco Giombini\" \/>\n\t<meta name=\"twitter:label2\" content=\"Tempo di lettura stimato\" \/>\n\t<meta name=\"twitter:data2\" content=\"4 minuti\" \/>\r\n<script type=\"application\/ld+json\" class=\"yoast-schema-graph\">{\"@context\":\"https:\/\/schema.org\",\"@graph\":[{\"@type\":\"Article\",\"@id\":\"https:\/\/sociale.catrianerone.pu.it\/?p=1596#article\",\"isPartOf\":{\"@id\":\"https:\/\/sociale.catrianerone.pu.it\/?p=1596\"},\"author\":{\"name\":\"Francesco Giombini\",\"@id\":\"https:\/\/sociale.catrianerone.pu.it\/#\/schema\/person\/5d212ea349b3866a02a23191e1f2524c\"},\"headline\":\"AVVISO PROGETTO VITA INDIPENDENTE MINISTERIALE PER LE PERSONE CON DISABILIT\u00c0\",\"datePublished\":\"2025-10-16T08:45:19+00:00\",\"dateModified\":\"2025-10-16T08:45:19+00:00\",\"mainEntityOfPage\":{\"@id\":\"https:\/\/sociale.catrianerone.pu.it\/?p=1596\"},\"wordCount\":652,\"publisher\":{\"@id\":\"https:\/\/sociale.catrianerone.pu.it\/#organization\"},\"image\":{\"@id\":\"https:\/\/sociale.catrianerone.pu.it\/?p=1596#primaryimage\"},\"thumbnailUrl\":\"https:\/\/sociale.catrianerone.pu.it\/wp-content\/uploads\/2025\/10\/Immagine-vita-indipendente.jpg\",\"articleSection\":[\"Anno 2025\",\"Bandi e Avvisi\",\"News\"],\"inLanguage\":\"it-IT\"},{\"@type\":\"WebPage\",\"@id\":\"https:\/\/sociale.catrianerone.pu.it\/?p=1596\",\"url\":\"https:\/\/sociale.catrianerone.pu.it\/?p=1596\",\"name\":\"AVVISO PROGETTO VITA INDIPENDENTE MINISTERIALE PER LE PERSONE CON DISABILIT\u00c0 - Ambito Sociale 3\",\"isPartOf\":{\"@id\":\"https:\/\/sociale.catrianerone.pu.it\/#website\"},\"primaryImageOfPage\":{\"@id\":\"https:\/\/sociale.catrianerone.pu.it\/?p=1596#primaryimage\"},\"image\":{\"@id\":\"https:\/\/sociale.catrianerone.pu.it\/?p=1596#primaryimage\"},\"thumbnailUrl\":\"https:\/\/sociale.catrianerone.pu.it\/wp-content\/uploads\/2025\/10\/Immagine-vita-indipendente.jpg\",\"datePublished\":\"2025-10-16T08:45:19+00:00\",\"dateModified\":\"2025-10-16T08:45:19+00:00\",\"breadcrumb\":{\"@id\":\"https:\/\/sociale.catrianerone.pu.it\/?p=1596#breadcrumb\"},\"inLanguage\":\"it-IT\",\"potentialAction\":[{\"@type\":\"ReadAction\",\"target\":[\"https:\/\/sociale.catrianerone.pu.it\/?p=1596\"]}]},{\"@type\":\"ImageObject\",\"inLanguage\":\"it-IT\",\"@id\":\"https:\/\/sociale.catrianerone.pu.it\/?p=1596#primaryimage\",\"url\":\"https:\/\/sociale.catrianerone.pu.it\/wp-content\/uploads\/2025\/10\/Immagine-vita-indipendente.jpg\",\"contentUrl\":\"https:\/\/sociale.catrianerone.pu.it\/wp-content\/uploads\/2025\/10\/Immagine-vita-indipendente.jpg\",\"width\":600,\"height\":420},{\"@type\":\"BreadcrumbList\",\"@id\":\"https:\/\/sociale.catrianerone.pu.it\/?p=1596#breadcrumb\",\"itemListElement\":[{\"@type\":\"ListItem\",\"position\":1,\"name\":\"Home\",\"item\":\"https:\/\/sociale.catrianerone.pu.it\/\"},{\"@type\":\"ListItem\",\"position\":2,\"name\":\"AVVISO PROGETTO VITA INDIPENDENTE MINISTERIALE PER LE PERSONE CON DISABILIT\u00c0\"}]},{\"@type\":\"WebSite\",\"@id\":\"https:\/\/sociale.catrianerone.pu.it\/#website\",\"url\":\"https:\/\/sociale.catrianerone.pu.it\/\",\"name\":\"Ambito Sociale 3\",\"description\":\"Sito dei Servizi Sociali dell&#039;Unione Montana del Catria e Nerone\",\"publisher\":{\"@id\":\"https:\/\/sociale.catrianerone.pu.it\/#organization\"},\"potentialAction\":[{\"@type\":\"SearchAction\",\"target\":{\"@type\":\"EntryPoint\",\"urlTemplate\":\"https:\/\/sociale.catrianerone.pu.it\/?s={search_term_string}\"},\"query-input\":\"required name=search_term_string\"}],\"inLanguage\":\"it-IT\"},{\"@type\":\"Organization\",\"@id\":\"https:\/\/sociale.catrianerone.pu.it\/#organization\",\"name\":\"Ambito Sociale 3\",\"url\":\"https:\/\/sociale.catrianerone.pu.it\/\",\"logo\":{\"@type\":\"ImageObject\",\"inLanguage\":\"it-IT\",\"@id\":\"https:\/\/sociale.catrianerone.pu.it\/#\/schema\/logo\/image\/\",\"url\":\"https:\/\/sociale.catrianerone.pu.it\/wp-content\/uploads\/2022\/11\/logo-Ambito3.png\",\"contentUrl\":\"https:\/\/sociale.catrianerone.pu.it\/wp-content\/uploads\/2022\/11\/logo-Ambito3.png\",\"width\":483,\"height\":149,\"caption\":\"Ambito Sociale 3\"},\"image\":{\"@id\":\"https:\/\/sociale.catrianerone.pu.it\/#\/schema\/logo\/image\/\"},\"sameAs\":[\"https:\/\/www.facebook.com\/profile.php?id=100064800606320\"]},{\"@type\":\"Person\",\"@id\":\"https:\/\/sociale.catrianerone.pu.it\/#\/schema\/person\/5d212ea349b3866a02a23191e1f2524c\",\"name\":\"Francesco Giombini\",\"url\":\"https:\/\/sociale.catrianerone.pu.it\/?author=4\"}]}<\/script>\r\n<!-- \/ Yoast SEO plugin. -->","yoast_head_json":{"title":"AVVISO PROGETTO VITA INDIPENDENTE MINISTERIALE PER LE PERSONE CON DISABILIT\u00c0 - Ambito Sociale 3","robots":{"index":"index","follow":"follow","max-snippet":"max-snippet:-1","max-image-preview":"max-image-preview:large","max-video-preview":"max-video-preview:-1"},"canonical":"https:\/\/sociale.catrianerone.pu.it\/?p=1596","og_locale":"it_IT","og_type":"article","og_title":"AVVISO PROGETTO VITA INDIPENDENTE MINISTERIALE PER LE PERSONE CON DISABILIT\u00c0 - Ambito Sociale 3","og_description":"Dal 15 ottobre al 3 novembre \u00e8\u00a0possibile presentare la domanda\u00a0finalizzata\u00a0alla realizzazione di\u00a0ulteriori\u00a0progetti personalizzati di\u00a0\u201cVita Indipendente Ministeriale\u201d,\u00a0cos\u00ec come approvate dal Comitato dei Sindaci dell\u2019ATS n.6 con ...","og_url":"https:\/\/sociale.catrianerone.pu.it\/?p=1596","og_site_name":"Ambito Sociale 3","article_publisher":"https:\/\/www.facebook.com\/profile.php?id=100064800606320","article_published_time":"2025-10-16T08:45:19+00:00","og_image":[{"width":600,"height":420,"url":"https:\/\/sociale.catrianerone.pu.it\/wp-content\/uploads\/2025\/10\/Immagine-vita-indipendente.jpg","type":"image\/jpeg"}],"author":"Francesco Giombini","twitter_card":"summary_large_image","twitter_misc":{"Scritto da":"Francesco Giombini","Tempo di lettura stimato":"4 minuti"},"schema":{"@context":"https:\/\/schema.org","@graph":[{"@type":"Article","@id":"https:\/\/sociale.catrianerone.pu.it\/?p=1596#article","isPartOf":{"@id":"https:\/\/sociale.catrianerone.pu.it\/?p=1596"},"author":{"name":"Francesco Giombini","@id":"https:\/\/sociale.catrianerone.pu.it\/#\/schema\/person\/5d212ea349b3866a02a23191e1f2524c"},"headline":"AVVISO PROGETTO VITA INDIPENDENTE MINISTERIALE PER LE PERSONE CON DISABILIT\u00c0","datePublished":"2025-10-16T08:45:19+00:00","dateModified":"2025-10-16T08:45:19+00:00","mainEntityOfPage":{"@id":"https:\/\/sociale.catrianerone.pu.it\/?p=1596"},"wordCount":652,"publisher":{"@id":"https:\/\/sociale.catrianerone.pu.it\/#organization"},"image":{"@id":"https:\/\/sociale.catrianerone.pu.it\/?p=1596#primaryimage"},"thumbnailUrl":"https:\/\/sociale.catrianerone.pu.it\/wp-content\/uploads\/2025\/10\/Immagine-vita-indipendente.jpg","articleSection":["Anno 2025","Bandi e Avvisi","News"],"inLanguage":"it-IT"},{"@type":"WebPage","@id":"https:\/\/sociale.catrianerone.pu.it\/?p=1596","url":"https:\/\/sociale.catrianerone.pu.it\/?p=1596","name":"AVVISO PROGETTO VITA INDIPENDENTE MINISTERIALE PER LE PERSONE CON DISABILIT\u00c0 - Ambito Sociale 3","isPartOf":{"@id":"https:\/\/sociale.catrianerone.pu.it\/#website"},"primaryImageOfPage":{"@id":"https:\/\/sociale.catrianerone.pu.it\/?p=1596#primaryimage"},"image":{"@id":"https:\/\/sociale.catrianerone.pu.it\/?p=1596#primaryimage"},"thumbnailUrl":"https:\/\/sociale.catrianerone.pu.it\/wp-content\/uploads\/2025\/10\/Immagine-vita-indipendente.jpg","datePublished":"2025-10-16T08:45:19+00:00","dateModified":"2025-10-16T08:45:19+00:00","breadcrumb":{"@id":"https:\/\/sociale.catrianerone.pu.it\/?p=1596#breadcrumb"},"inLanguage":"it-IT","potentialAction":[{"@type":"ReadAction","target":["https:\/\/sociale.catrianerone.pu.it\/?p=1596"]}]},{"@type":"ImageObject","inLanguage":"it-IT","@id":"https:\/\/sociale.catrianerone.pu.it\/?p=1596#primaryimage","url":"https:\/\/sociale.catrianerone.pu.it\/wp-content\/uploads\/2025\/10\/Immagine-vita-indipendente.jpg","contentUrl":"https:\/\/sociale.catrianerone.pu.it\/wp-content\/uploads\/2025\/10\/Immagine-vita-indipendente.jpg","width":600,"height":420},{"@type":"BreadcrumbList","@id":"https:\/\/sociale.catrianerone.pu.it\/?p=1596#breadcrumb","itemListElement":[{"@type":"ListItem","position":1,"name":"Home","item":"https:\/\/sociale.catrianerone.pu.it\/"},{"@type":"ListItem","position":2,"name":"AVVISO PROGETTO VITA INDIPENDENTE MINISTERIALE PER LE PERSONE CON DISABILIT\u00c0"}]},{"@type":"WebSite","@id":"https:\/\/sociale.catrianerone.pu.it\/#website","url":"https:\/\/sociale.catrianerone.pu.it\/","name":"Ambito Sociale 3","description":"Sito dei Servizi Sociali dell&#039;Unione Montana del Catria e Nerone","publisher":{"@id":"https:\/\/sociale.catrianerone.pu.it\/#organization"},"potentialAction":[{"@type":"SearchAction","target":{"@type":"EntryPoint","urlTemplate":"https:\/\/sociale.catrianerone.pu.it\/?s={search_term_string}"},"query-input":"required name=search_term_string"}],"inLanguage":"it-IT"},{"@type":"Organization","@id":"https:\/\/sociale.catrianerone.pu.it\/#organization","name":"Ambito Sociale 3","url":"https:\/\/sociale.catrianerone.pu.it\/","logo":{"@type":"ImageObject","inLanguage":"it-IT","@id":"https:\/\/sociale.catrianerone.pu.it\/#\/schema\/logo\/image\/","url":"https:\/\/sociale.catrianerone.pu.it\/wp-content\/uploads\/2022\/11\/logo-Ambito3.png","contentUrl":"https:\/\/sociale.catrianerone.pu.it\/wp-content\/uploads\/2022\/11\/logo-Ambito3.png","width":483,"height":149,"caption":"Ambito Sociale 3"},"image":{"@id":"https:\/\/sociale.catrianerone.pu.it\/#\/schema\/logo\/image\/"},"sameAs":["https:\/\/www.facebook.com\/profile.php?id=100064800606320"]},{"@type":"Person","@id":"https:\/\/sociale.catrianerone.pu.it\/#\/schema\/person\/5d212ea349b3866a02a23191e1f2524c","name":"Francesco Giombini","url":"https:\/\/sociale.catrianerone.pu.it\/?author=4"}]}},"_links":{"self":[{"href":"https:\/\/sociale.catrianerone.pu.it\/index.php?rest_route=\/wp\/v2\/posts\/1596"}],"collection":[{"href":"https:\/\/sociale.catrianerone.pu.it\/index.php?rest_route=\/wp\/v2\/posts"}],"about":[{"href":"https:\/\/sociale.catrianerone.pu.it\/index.php?rest_route=\/wp\/v2\/types\/post"}],"author":[{"embeddable":true,"href":"https:\/\/sociale.catrianerone.pu.it\/index.php?rest_route=\/wp\/v2\/users\/4"}],"replies":[{"embeddable":true,"href":"https:\/\/sociale.catrianerone.pu.it\/index.php?rest_route=%2Fwp%2Fv2%2Fcomments&post=1596"}],"version-history":[{"count":1,"href":"https:\/\/sociale.catrianerone.pu.it\/index.php?rest_route=\/wp\/v2\/posts\/1596\/revisions"}],"predecessor-version":[{"id":1601,"href":"https:\/\/sociale.catrianerone.pu.it\/index.php?rest_route=\/wp\/v2\/posts\/1596\/revisions\/1601"}],"wp:featuredmedia":[{"embeddable":true,"href":"https:\/\/sociale.catrianerone.pu.it\/index.php?rest_route=\/wp\/v2\/media\/1600"}],"wp:attachment":[{"href":"https:\/\/sociale.catrianerone.pu.it\/index.php?rest_route=%2Fwp%2Fv2%2Fmedia&parent=1596"}],"wp:term":[{"taxonomy":"category","embeddable":true,"href":"https:\/\/sociale.catrianerone.pu.it\/index.php?rest_route=%2Fwp%2Fv2%2Fcategories&post=1596"},{"taxonomy":"post_tag","embeddable":true,"href":"https:\/\/sociale.catrianerone.pu.it\/index.php?rest_route=%2Fwp%2Fv2%2Ftags&post=1596"}],"curies":[{"name":"wp","href":"https:\/\/api.w.org\/{rel}","templated":true}]}}