{"id":608,"date":"2020-10-29T11:07:05","date_gmt":"2020-10-29T11:07:05","guid":{"rendered":"http:\/\/sociale.catrianerone.pu.it\/?p=608"},"modified":"2022-12-05T11:12:57","modified_gmt":"2022-12-05T11:12:57","slug":"avviso-pubblico-per-la-presentazione-della-domanda-daccesso-agli-assegni-di-cura-per-anziani-non-autosufficienti-anno-2021","status":"publish","type":"post","link":"https:\/\/sociale.catrianerone.pu.it\/?p=608","title":{"rendered":"AVVISO PUBBLICO per la presentazione della domanda d\u2019accesso agli ASSEGNI DI CURA per anziani non autosufficienti anno 2021"},"content":{"rendered":"\n<p><strong>DGR n. 1138 del 30\/09\/2019<\/strong><strong>\u2013&nbsp;<\/strong><strong>D.D. n. 120 del 22.04.2020 Delibera Comitato dei Sindaci n. 8 del 15.10.2020<\/strong><\/p>\n\n\n\n<p><strong>OGGETTO DELL\u2019AVVISO<\/strong><\/p>\n\n\n\n<p>Il presente Avviso Pubblico, in applicazione della Delibera di Giunta Regione Marche n. 1138 del 30\/09\/2019 \u00e8 volto ad individuare n.&nbsp;<strong>40&nbsp;<\/strong>aventi diritto all\u2019Assegno di Cura tra le persone&nbsp;ultrasessantacinquenni in condizione di non autosufficienza residenti nel territorio dell\u2019Ambito&nbsp;Territoriale Sociale n. 3 per il periodo dal&nbsp;<strong>01\/01\/2021 al 31\/12\/2021.<\/strong><\/p>\n\n\n\n<p>L\u2019assegno di cura \u00e8 un aiuto economico temporaneo a sostegno del lavoro di cura svolto dalle&nbsp;famiglie o da assistenti familiari che mira ad assicurare un&#8217;adeguata assistenza al domicilio della persona non autosufficiente, evitando il ricorso precoce o incongruo al ricovero in strutture residenziali.<\/p>\n\n\n\n<p><strong>DEFINIZIONE DELLE RISORSE ECONOMICHE DISPONIBILI<\/strong><\/p>\n\n\n\n<p>L\u2019intervento \u00e8 finanziato dalle risorse a valere sul&nbsp;<strong><em>Fondo Nazionale non Autosufficienza 2019&nbsp;<\/em><\/strong>(quota Stato e quota Regione) assegnate all\u2019ATS 3.<br>Il Comitato dei Sindaci definisce annualmente l\u2019entit\u00e0 delle risorse di cui al precedente comma in&nbsp;favore degli anziani non autosufficienti per rafforzare gli interventi socio assistenziali volti a garantire l&#8217;autonomia e la permanenza a domicilio e per offrire un adeguato sostegno alle famiglie.<\/p>\n\n\n\n<p><strong>DESTINATARI<br><\/strong>Sono destinatari dell\u2019assegno di cura gli&nbsp;<strong>anziani ultrasessantacinquenni non autosufficienti residenti&nbsp;<\/strong><strong>nei Comuni dell\u2019<\/strong><strong>Ambito Territoriale Sociale n. 3&nbsp;<\/strong>(Acqualagna, Apecchio, Cagli, Cantiano, Piobbico, Frontone, Serra S. Abbondio) le cui famiglie attivano interventi di supporto assistenziale gestiti direttamente dai familiari o attraverso assistenti familiari (DGR n. 118\/2009) in possesso di regolare contratto di lavoro, volti a mantenere la persona anziana non autosufficiente nel proprio contesto di vita e di relazioni.<\/p>\n\n\n\n<p><strong>REQUISITI DI ACCESSO<\/strong><\/p>\n\n\n\n<p>La persona anziana assistita deve:<\/p>\n\n\n\n<ul>\n<li>avere compiuto i&nbsp;<strong>65 anni di et\u00e0&nbsp;<\/strong>alla data di scadenza del presente avviso pubblico;<\/li>\n\n\n\n<li>essere dichiarata&nbsp;<strong>non autosufficiente&nbsp;<\/strong>con certificazione di invalidit\u00e0 pari al 100% (vale lacertificazione di invalidit\u00e0 anche per il caso di cecit\u00e0) e aver ricevuto il riconoscimento&nbsp;<strong>definitivo dell\u2019<\/strong><strong>indennit\u00e0 di accompagnamento&nbsp;<\/strong>(non sono ammesse a contributo le domande per persone che hanno in corso di valutazione la domanda per il riconoscimento&nbsp;dell\u2019indennit\u00e0 di accompagnamento); vige in ogni caso, l\u2019equiparabilit\u00e0 dell\u2019assegno per l\u2019assistenza personale continuativa erogato dall\u2019INAIL se rilasciato a parit\u00e0 di condizioni dell\u2019indennit\u00e0 di accompagnamento dell\u2019INPS e alternativo alla stessa misura. Si specifica&nbsp;che, se il verbale di invalidit\u00e0 civile non contiene il riconoscimento dell\u2019indennit\u00e0 di&nbsp;accompagnamento occorre produrre idonea documentazione attestante tale riconoscimento (es. copia del provvedimento del giudice, oppure copia di successiva comunicazione&nbsp;dell\u2019INPS da cui si evince il riconoscimento dell\u2019indennit\u00e0 di accompagnamento).<\/li>\n<\/ul>\n\n\n\n<ul>\n<li>essere&nbsp;<strong>residente<\/strong>, nei termini&nbsp;di legge, in uno dei Comuni dell\u2019Ambito Territoriale Sociale 3 \u201cAcqualagna, Apecchio, Cagli, Cantiano, Frontone, Piobbico, Serra Sant\u2019Abbondio\u201d&nbsp;<strong><em>(non sono accoglibili le domande di coloro che vivono in modo permanente in strutture residenziali &#8211; es. Residenze Protette di cui alla l.r. 20\/2002, RSA di cui alla l.R. 20\/2000)<\/em><\/strong>;&nbsp;in caso di residenti nei Comuni dell\u2019Ambito Territoriale Sociale n. 3 ma domiciliati fuori dal territorio dell\u2019ATS 3 l\u2019assegno di cura vale solo nel caso di Comuni&nbsp;confinanti con il territorio dell\u2019Ambito Territoriale Sociale 3;<\/li>\n\n\n\n<li>ricevere adeguata assistenza presso il proprio domicilio o presso altro domicilio privato&nbsp;nell\u2019ambito di un programma (PAI) predisposto dal Servizio Sociale in accordo con l\u2019UVI,&nbsp;per i casi di particolare gravit\u00e0.<br>Qualora l\u2019intervento assistenziale sia svolto con l\u2019aiuto di un assistente familiare, lo stesso deve essere in possesso di regolare contratto di lavoro ed \u00e8 tenuto ad iscriversi all\u2019Elenco&nbsp;regionale degli Assistenti Familiari gestito presso il Centro per&nbsp;l\u2019Impiego, l\u2019Orientamento e&nbsp;la Formazione (CIOF) DGR n.118 del 02-02-2009<strong>.&nbsp;<\/strong>L\u2019iscrizione dovr\u00e0 avvenire entro 12&nbsp;mesi dalla concessione del beneficio. Sar\u00e0 cura del richiedente&nbsp;l\u2019assegno&nbsp;di cura accertare&nbsp;l\u2019avvenuta iscrizione dell\u2019Assistente Familiare presso il suddetto elenco<strong>.<\/strong><strong>ENTITA\u2019 DEL CONTRIBUTO ECONOMICO<\/strong>L\u2019entit\u00e0 dell\u2019assegno di cura \u00e8 pari ad \u20ac 200,00 mensili e viene concesso per la durata di 12 mesi,&nbsp;salvo interruzioni o scorrimenti. Non costituisce vitalizio ma supporto personalizzato nell\u2019ambito del PAI. Al termine dei 12 mesi, a seguito della presentazione di una nuova domanda, la graduatoria&nbsp;d\u2019Ambito verr\u00e0 ricostituita.Il diritto a percepire l\u2019assegno mensile decorre dalla data indicata nel PAI.<br>Ai beneficiari subentrati di diritto all\u2019assegno di cura a seguito di scorrimento, il beneficio&nbsp;economico verr\u00e0&nbsp;riconosciuto dalla data di sottoscrizione del Patto per l\u2019Assistenza; l\u2019importo corrisposto pu\u00f2 essere anche retroattivo, purch\u00e9 sia verificata l\u2019assenza di eventuali incompatibilit\u00e0.<strong>MODALIT\u00c0 DI ACCESSO<\/strong>Per accedere all\u2019assegno di cura \u00e8 necessario presentare domanda redatta esclusivamente su&nbsp;apposito modello, predisposto dall\u2019ATS 3.<strong>LE DOMANDE DOVRANNO ESSERE PRESENTATE, PENA ESCLUSIONE, DAL 01\/11\/2020 FINO ALLE ORE 13:00 DEL 30\/11\/2020<\/strong>Le domande dovranno&nbsp;<strong>ESSERE RECAPITATE ESCLUSIVAMENTE&nbsp;<\/strong>presso l\u2019Ufficio Protocollo dell\u2019Unione Montana del Catria e del Nerone in&nbsp;<strong><em>via Lapis n. 8 &#8211; 61043 Cagli (PU)&nbsp;<\/em><\/strong>attraverso le seguenti modalit\u00e0:<\/li>\n<\/ul>\n\n\n\n<ul>\n<li>consegna a mano presso gli uffici&nbsp;dell\u2019<strong><em>Unione Montana del Catria e del Nerone, via Lapis n. 8 &#8211; 61043 Cagli (PU)<\/em><\/strong>,&nbsp;<strong>previo appuntamento telefonico&nbsp;<\/strong>al numero 0721781088.<br>Far\u00e0 fede il timbro di accettazione dell&#8217;ufficio protocollo;<\/li>\n\n\n\n<li>spedita a mezzo di raccomandata a.r. inviata all\u2019indirizzo \u201c<strong><em>Unione Montana del Catria e del Nerone, via Lapis n. 8 &#8211; 61043 Cagli (PU)<br><\/em><\/strong>Far\u00e0 fede il timbro di spedizione dell\u2019Ufficio Postale);<\/li>\n\n\n\n<li>attraverso&nbsp;<strong><em>Posta Elettronica Certificata (PEC)&nbsp;<\/em><\/strong>dell\u2019<strong><em>Unione Montana del Catria e Nerone di Cagli&nbsp;<\/em><\/strong>all\u2019indirizzo&nbsp;cm.cagli@emarche.it<br>Far\u00e0 fede la data di invio<\/li>\n\n\n\n<li>tramite gli Uffici dei Servizi Sociali dei&nbsp;<strong>Comuni di Residenza&nbsp;<\/strong>appartenenti all\u2019Unione&nbsp;Montana del Catria e del Nerone &#8211; ATS 3.<br>Far\u00e0 comunque fede la data del protocollo di consegna all\u2019Ufficio Protocollo dell\u2019Unione&nbsp;Montana del Catria e del Nerone.<\/li>\n<\/ul>\n\n\n\n<p>Le domande pervenute dopo il termine e con modalit\u00e0 diverse da quelle sopra indicate non verranno prese in considerazione.&nbsp;L\u2019Ambito Territoriale Sociale&nbsp;n.3 non si assume responsabilit\u00e0 in caso di dispersione delle domande dovute ad inesatte indicazioni del destinatario del plico, a disguidi postali o imputabili a fatto di terzi, a caso fortuito o forza maggiore.<\/p>\n\n\n\n<p>La domanda per accedere all&#8217;assegno di cura deve essere redatta su apposita modulistica, sottoscritta e deve essere obbligatoriamente corredata dalla seguente documentazione, pena di esclusione:<\/p>\n\n\n\n<ul>\n<li>certificazione di riconoscimento dell\u2019invalidit\u00e0 civile al 100% con accompagnamento&nbsp;o del verbale di assistenza&nbsp;personale continuativa erogata dall\u2019INAIL;<\/li>\n\n\n\n<li>attestazione I.S.E.E. Ordinario completa di Dichiarazione Sostitutiva Unica&nbsp;\u2013&nbsp;in corso di validit\u00e0 del nucleo familiare residente con il beneficiario (come risultante dallo stato di famiglia del Comune di appartenenza), ovvero la ricevuta attestante la presentazione della&nbsp;DSU qualora l\u2019ISEE non sia disponibile entro i termini di scadenza del bando. Nel caso di presentazione della sola DSU, il richiedente dovr\u00e0 far pervenire all\u2019Ambito Territoriale&nbsp;Sociale n. 3 idonea attestazione ISEE entro e non oltre 3 giorni dal rilascio da parte&nbsp;dell\u2019INPS;<\/li>\n\n\n\n<li>copia di un valido documento di identit\u00e0 del richiedente e qualora questo non coincida con il&nbsp;destinatario dell\u2019assegno di cura copia del documento di quest\u2019ultimo;<\/li>\n\n\n\n<li>modulo Allegato A1 o A2&nbsp;\u201cModalit\u00e0 di pagamento\u201d debitamente compilato accompagnato, se pertinente, da fotocopia del codice IBAN<strong>. Si precisa che non sar\u00e0 possibile procedere&nbsp;<\/strong><strong>con l\u2019erogazione del contributo ai soggetti titolari di conto corrente postale assoc<\/strong><strong>iato a libretto.<\/strong>Qualora l\u2019intervento assistenziale sia gestito da assistenti domiciliari privati allegare anche:<\/li>\n<\/ul>\n\n\n\n<ul>\n<li>copia del regolare contratto individuale di lavoro dell\u2019assistente familiare\/colf unitamente acopia dell\u2019ultimo versamento all\u2019INPS.<\/li>\n\n\n\n<li>copia del documento di identit\u00e0 dell\u2019assistente familiare;<\/li>\n\n\n\n<li>Allegato B&nbsp;\u2013&nbsp;Dichiarazione di iscrizione al registro assistenti familiari presso il Centro perl\u2019impiegoOltre all\u2019anziano stesso possono presentare domanda di accesso all\u2019assegno di cura:<\/li>\n<\/ul>\n\n\n\n<p>&#8211; i familiari o soggetti delegati;<br>&#8211;&nbsp;il soggetto incaricato della tutela dell\u2019anziano (<em>amministratore di sostegno, tutore<\/em>) in caso di<\/p>\n\n\n\n<p>incapacit\u00e0 temporanea o permanente (allegare nomina del Tribunale);<\/p>\n\n\n\n<p>N.B. la dichiarazione ISEE, allegata alla domanda, potr\u00e0 essere sottoposta a verifiche e controlli come da vigente normativa.<\/p>\n\n\n\n<p><strong>INCOMPATIBILITA\u2019<\/strong><\/p>\n\n\n\n<p>L\u2019Assegno di cura \u00e8 incompatibile:<\/p>\n\n\n\n<ul>\n<li>&#8211; &nbsp;con il servizio SADIS;<\/li>\n\n\n\n<li>&#8211; &nbsp;con l\u2019intervento&nbsp;Home Care Premium (HCP);<\/li>\n\n\n\n<li>&#8211; &nbsp;con l\u2019intervento relativo alla \u201cDisabilit\u00e0 gravissima\u201d;<strong>Non&nbsp;<\/strong>sono accoglibili le domande di coloro che vivono in modo permanente in strutture residenziali ex L.R. 20\/2002 e l.r.20\/2000 (es. residenze protette, RSA).<br>In caso di presenza di pi\u00f9 soggetti non autosufficienti nello stesso nucleo familiare viene concesso un massimo di&nbsp;<strong>n\u00b0 1&nbsp;<\/strong>(uno) assegno. In questo caso l\u2019assegnazione avverr\u00e0 con valutazione prioritaria&nbsp;del soggetto avente et\u00e0 maggiore; a parit\u00e0 di et\u00e0 si terr\u00e0 in considerazione la valutazione&nbsp;dell\u2019Assistente Sociale di ATS&nbsp;3 in merito alla gravit\u00e0 delle condizioni di salute e del conseguente maggiore bisogno di assistenza.<\/li>\n<\/ul>\n\n\n\n<p>Gli anziani non autosufficienti beneficiari del servizio SADIS e HCP possono presentare domanda&nbsp;per l\u2019accesso alla graduatoria dei destinatari dell\u2019assegno di cura, ferma restando la non&nbsp;cumulabilit\u00e0 degli interventi.&nbsp;Qualora successivamente all\u2019approvazione della graduatoria rientrino&nbsp;tra gli aventi diritto, il beneficio decorrer\u00e0 dal momento della stipula del Patto conseguente alla rinuncia espressa del servizio incompatibile entro 30 giorni dal momento della notifica di accesso alla graduatoria inviata da questo Ente.<\/p>\n\n\n\n<p><strong>INTERRUZIONE E SOSPENSIONE DELL\u2019ASSEGNO<\/strong><\/p>\n\n\n\n<p>L\u2019assegno di cura&nbsp;si interrompe nei seguenti casi:<\/p>\n\n\n\n<ul>\n<li>&#8211; &nbsp;inserimento in maniera permanente del beneficiario presso una struttura residenziale;<\/li>\n\n\n\n<li>&#8211; &nbsp;accesso del beneficiario al servizio SADIS o Home Care Premium;<\/li>\n\n\n\n<li>&#8211; &nbsp;venir meno delle condizioni previste dal P.A.I. e del Patto per l\u2019Assistenza;<\/li>\n\n\n\n<li>&#8211; &nbsp;venir meno delle condizioni di accesso e, in genere, delle finalit\u00e0 previste dall\u2019intervento;<\/li>\n\n\n\n<li>&#8211; &nbsp;rinuncia scritta del beneficiario;<\/li>\n\n\n\n<li>&#8211; &nbsp;decesso del beneficiario.<\/li>\n\n\n\n<li>&#8211; &nbsp;irreperibilit\u00e0 del beneficiario: in caso di irreperibilit\u00e0 dell\u2019interessato e del richiedente pressogli indirizzi indicati nella domanda&nbsp;l\u2019ATS&nbsp;3 invier\u00e0 agli interessati una raccomandata A\/R con la quale comunicher\u00e0 che, trascorsi giorni 10 (dieci) dal ricevimento della stessa senza che&nbsp;pervenga dagli stessi risposta per indicare le modalit\u00e0 che rendano possibile l\u2019effettuazione&nbsp;della visita domiciliare, il richiedente verr\u00e0 considerato rinunciatario e si proceder\u00e0 allo scorrimento della&nbsp;graduatoria. La lettera dell\u2019ATS&nbsp;3 interrompe i termini previsti per la conclusione del procedimento.L\u2019Assegno di cura&nbsp;si sospende in caso di ricovero temporaneo del beneficiario presso strutture residenziali o ospedaliere per periodi superiori a 30 e fino ad un massimo di 120 giorni dopodich\u00e9 \u00e8&nbsp;prevista la revoca del beneficio e la non erogazione dell\u2019importo relativo ai mesi di ricovero.<br>Il beneficiario o chi per lui, dovr\u00e0 avvisare tempestivamente (entro massimo 15 giorni) l\u2019ATS 3 se&nbsp;si verificheranno i seguenti casi:<\/li>\n<\/ul>\n\n\n\n<ul>\n<li>&#8211; &nbsp;ricovero in struttura residenziale o ospedaliera<\/li>\n\n\n\n<li>&#8211; &nbsp;decesso del beneficiario<\/li>\n\n\n\n<li>&#8211; &nbsp;il cambiamento di indirizzo di residenza o domicilio<\/li>\n\n\n\n<li>&#8211; &nbsp;il cambiamento della persona di riferimento<\/li>\n\n\n\n<li>&#8211; &nbsp;il cambiamento dell\u2019assistente familiare<\/li>\n\n\n\n<li>&#8211; &nbsp;ogni variazione delle modalit\u00e0 di riscossione dell\u2019assegno di cura.<strong>MOTIVI DI ESCLUSIONE<\/strong>\n<ul>\n<li>&#8211; &nbsp;La domanda&nbsp;non \u00e8 pervenuta entro i termini e i modi indicati nelle \u201cmodalit\u00e0 di accesso\u201d;<\/li>\n\n\n\n<li>&#8211; &nbsp;La domanda presentata non contiene tutti i documenti richiesti e non si \u00e8 stati in grado diintegrarli entro i termini dettati dall\u2019Ente;<\/li>\n\n\n\n<li>&#8211; &nbsp;I requisiti richiesti non sono posseduti al momento della domanda;<br>&#8211;&nbsp;Il nucleo di riferimento per la DSU ai fini dell\u2019ISEE non coincide con la situazioneanagrafica che si evince dallo stato di famiglia.<strong>TRATTAMENTO DEI DATI PERSONALI<\/strong>Il Titolare del trattamento \u00e8&nbsp;l\u2019Unione Montana del Catria e Nerone.<br>Il responsabile della protezione dei dati personali dell\u2019Unione Montana del Catria e Nerone \u00e8 l\u2019Avv.Giuseppe Giangiacomo (giuseppegiangiacomo@gmail.com).<br>I dati personali saranno trattati per le finalit\u00e0 istituzionali connesse al conferimento di assegni di cura, di cui alla D.G.R.M. 1138\/2019, rivolti ad anziani ultrasessantacinquenni non autosufficienti che usufruiscono di funzioni assistenziali da parte dei familiari, anche non conviventi, o da parte di assistente domiciliare privata in possesso di regolare contratto di lavoro. I dati conferiti saranno&nbsp;utilizzati esclusivamente per l\u2019istruttoria, definizione ed archiviazione dell\u2019istanza formulata e per le&nbsp;finalit\u00e0 strettamente connesse al procedimento.<\/li>\n<\/ul>\n<\/li>\n<\/ul>\n\n\n\n<p>Il conferimento dei dati \u00e8 obbligatorio ed il rifiuto di fornire i dati preclude&nbsp;l\u2019accoglimento della domanda.<br>Base giuridica del trattamento: il trattamento dei dati personali \u00e8 necessario per l\u2019esecuzione di un compito di interesse pubblico o connesso all\u2019esercizio di pubblici poteri di cui \u00e8 investito il titolare&nbsp;del trattamento (art. 6 par. 1 lett.. e) Regolamento UE 2016\/679). I dati appartenenti a categorie particolari (es. dati relativi allo stato di salute) sono trattati per motivi di interesse pubblico rilevante (artt. 9 par. 2 lett. g) Regolamento UE 2016\/679 e art. 2 -sexies co.2 lett. s) d.lgs. 196\/03). Normativa di riferimento: L. 328\/2000 &#8220;Legge quadro per la realizzazione del sistema integrato di interventi e servizi sociali&#8221;-&nbsp;L.R. 32\/2014 \u201cSistema regionale integrato dei servizi sociali a tutela della persona e della famiglia\u201d Delibera Giunta Regione Marche n\u00b0 1138\/2019<\/p>\n\n\n\n<p>In relazione alle finalit\u00e0 descritte, il trattamento dei dati personali viene effettuato con modalit\u00e0 sia cartacee che informatizzate, nel rispetto di minimizzazione dei dati, unicamente per il servizio\/intervento richiesto. Vengono quindi adottate tutte le misure tecniche e organizzative utili ad evitare problemi di accesso non autorizzato, divulgazione, modifica o distruzione.<\/p>\n\n\n\n<p>Per il perseguimento delle suddette finalit\u00e0 di trattamento i dati saranno trattati dai soggetti espressamente autorizzati dal titolare del trattamento. In particolare sono autorizzati al trattamento in qualit\u00e0 di incaricati i dipendenti assegnati anche temporaneamente, per esigenze organizzative, ai Servizi Sociali dell&#8217;Ambito Territoriale Sociale 3 che ricevono ed istruiscono le istanze.<\/p>\n\n\n\n<p>Laddove si configurino comunicazioni obbligatorie di dati personali o le stesse siano necessarie in conseguenza della istanza o del servizio richiesto dal cittadino, i dati trattati potranno essere oggetto di comunicazione o trasferimento agli altri enti pubblici rispettando gli obblighi previsti dalle leggi e dai regolamenti.<\/p>\n\n\n\n<p>In particolare i dati possono essere comunicati alla Regione Marche ed eventualmente all\u2019Agenzia&nbsp;delle Entrate, alla Guardia di Finanza o altri Enti pubblici autorizzati al trattamento, per le stesse finalit\u00e0 sopra indicate e per verificare l\u2019effettiva sussistenza dei requisiti richiesti per accedere al&nbsp;contributo.<\/p>\n\n\n\n<p>I dati verranno comunicati all\u2019istituto di credito per l\u2019emissione dell\u2019eventuale assegno relativo al&nbsp;contributo di cui trattasi.<br>Per il perseguimento delle suddette finalit\u00e0 di trattamento il titolare del trattamento potrebbe&nbsp;avvalersi di soggetti terzi nominati Responsabili del trattamento ai sensi dell\u2019art. 28&nbsp;Regolamento UE 2016\/679.<\/p>\n\n\n\n<p>I dati non saranno trasferiti in Paesi terzi non appartenenti all\u2019Unione Europea.<br>I dati saranno conservati per tutto il periodo necessario all\u2019espletamento delle funzioni istituzionali&nbsp;relative al presente procedimento e successivamente saranno conservati nel rispetto delle previsioni di legge in materia.<br>Gli interessati possono esercitare in qualsiasi momento&nbsp;i diritti previsti dall\u2019art. 15 e ss.&nbsp;Regolamento UE 2016\/679 ed in particolare il diritto di accedere ai propri dati personali, di&nbsp;chiederne la rettifica o la limitazione del trattamento, l\u2019aggiornamento, se incompleti o erronei, e la cancellazione se ne sussistono i presupposti, nonch\u00e9 di opporsi al loro trattamento. Per tali motivi, \u00e8 possibile rivolgersi al Titolare (cm.cagli@provincia.ps.it), oppure al Responsabile ella protezione dei dati (DPO-RPD) al seguente indirizzo mail:&nbsp;giuseppegiangiacomo@gmail.com.&nbsp;L\u2019interessato potr\u00e0 proporre reclamo all\u2019Autorit\u00e0 di controllo italiana, Garante per la protezione dei dati personali&nbsp;(Garante per la Privacy) con sede in ROMA, Piazza di Monte Citorio n.121, CAP 00186.<\/p>\n\n\n\n<p><strong>MODALITA\u2019 DI ACCESSO ALL\u2019ASSEGNO DI CURA<\/strong><\/p>\n\n\n\n<p>L\u2019ATS 3 procede con la formazione di un\u2019unica graduatoria di Ambito, stilata secondo l\u2019ordine&nbsp;crescente del valore ISEE e in caso di parit\u00e0 la maggiore et\u00e0. Tale graduatoria non d\u00e0 immediato accesso al contributo&nbsp;ma alla presa in carico della situazione da parte dell\u2019assistente sociale dell\u2019ATS&nbsp;3.<\/p>\n\n\n\n<p>L\u2019assistente sociale, verifica, tramite visita domiciliare&nbsp;e\/o colloquio telefonico valutativo, se vi siano le condizioni di accesso all\u2019assegno quindi procede&nbsp;alla stesura del Piano Assistenziale Individualizzato (PAI).<\/p>\n\n\n\n<p>5<\/p>\n\n\n\n<p>L\u2019iter si conclude con la sottoscrizione del Patto per l\u2019Assistenza Domiciliare tra il Coordinatore di&nbsp;ATS 3 e il beneficiario o richiedente.<br>Stante il perdurare dell&#8217;emergenza COVID, in via eccezionale, si proceder\u00e0 nei seguenti modi:<\/p>\n\n\n\n<ul>\n<li>per gli utenti gi\u00e0 beneficiari dell\u2019assegno di cura della precedente annualit\u00e0 si effettuer\u00e0 un colloquio valutativo telefonico in sostituzione della visita domiciliare.<\/li>\n\n\n\n<li>per i nuovi beneficiari&nbsp;si seguir\u00e0 l\u2019iter classico, che prevede la visita domiciliare;&nbsp;qualora le condizioni emergenziali non lo permettano si proceder\u00e0 mediante colloquio valutativo telefonico.Al momento dell\u2019approvazione della graduatoria verranno verificate d\u2019ufficio tutte le&nbsp;autocertificazioni relative allo stato di famiglia presentate con la domanda d\u2019accesso&nbsp;e bimestralmente, prima dell\u2019erogazione del&nbsp;contributo,&nbsp;l\u2019esistenza in vita dei beneficiari.<br>La posizione in graduatoria del richiedente potr\u00e0 essere aggiornata sulla base delle variazioni intervenute nel periodo ovvero per la decadenza del diritto al beneficio.La comunicazione dell\u2019approvazione della graduatoria avr\u00e0 luogo attraverso la pubblicazione nel sito dell\u2019ATS 3 (www.socialecatrianerone.it), redatto secondo modalit\u00e0 idonee a preservare il diritto alla riservatezza dei richiedenti. I diretti interessati potranno comunque consultare la propria&nbsp;posizione presso gli uffici dell\u2019ATS 3.L\u2019erogazione dell\u2019assegno di cura annualit\u00e0&nbsp;2021 sar\u00e0 disposta di norma, ogni quattro mesi, a partire dal mese di gennaio 2021. Nel caso di decesso\/rinuncia, il pagamento dell\u2019assegno verr\u00e0 corrisposto fino al giorno in cui l\u2019anziano rester\u00e0 incluso nella graduatoria.<strong>Per informazioni, modulistica e supporto alla presentazione delle domande \u00e8 possibile rivolgersi:<\/strong><\/li>\n<\/ul>\n\n\n\n<p>&#8211;&nbsp;all\u2019<strong>Ambito Territoriale Sociale n\u00b0 3, Via Lapis n. 10, 61043 Cagli<br><\/strong>Assistente Sociale Mara Pecorelli nelle giornate di marted\u00ec e gioved\u00ec dalle 09:00 alle 13:00 e venerd\u00ec dalle 09:00 alle 12:00 previo appuntamento telefonico (Tel. 0721 1868063)<\/p>\n\n\n\n<p>&#8211;&nbsp;<strong>agli Uffici Servizi Sociali dei Comuni&nbsp;<\/strong>di Acqualagna, Apecchio, Cagli, Cantiano,&nbsp;Frontone, Piobbico, Serra Sant\u2019Abbondio<\/p>\n\n\n\n<p>Cagli, 28\/10\/2020<\/p>\n\n\n\n<p><\/p>\n\n\n\n<hr class=\"wp-block-separator has-css-opacity\"\/>\n","protected":false},"excerpt":{"rendered":"<p>DGR n. 1138 del 30\/09\/2019\u2013&nbsp;D.D. n. 120 del 22.04.2020 Delibera Comitato dei Sindaci n. 8 del 15.10.2020 OGGETTO DELL\u2019AVVISO Il presente Avviso Pubblico, in applicazione &#8230; <\/p>\n","protected":false},"author":4,"featured_media":930,"comment_status":"closed","ping_status":"closed","sticky":false,"template":"single-sidebar.php","format":"standard","meta":{"footnotes":""},"categories":[5],"tags":[],"yoast_head":"<!-- This site is optimized with the Yoast SEO plugin v22.6 - https:\/\/yoast.com\/wordpress\/plugins\/seo\/ -->\r\n<title>AVVISO PUBBLICO per la presentazione della domanda d\u2019accesso agli ASSEGNI DI CURA per anziani non autosufficienti anno 2021 - Ambito Sociale 3<\/title>\r\n<meta name=\"robots\" content=\"index, follow, max-snippet:-1, max-image-preview:large, max-video-preview:-1\" \/>\r\n<link rel=\"canonical\" href=\"https:\/\/sociale.catrianerone.pu.it\/?p=608\" \/>\r\n<meta property=\"og:locale\" content=\"it_IT\" \/>\r\n<meta property=\"og:type\" content=\"article\" \/>\r\n<meta property=\"og:title\" content=\"AVVISO PUBBLICO per la presentazione della domanda d\u2019accesso agli ASSEGNI DI CURA per anziani non autosufficienti anno 2021 - Ambito Sociale 3\" \/>\r\n<meta property=\"og:description\" content=\"DGR n. 1138 del 30\/09\/2019\u2013&nbsp;D.D. n. 120 del 22.04.2020 Delibera Comitato dei Sindaci n. 8 del 15.10.2020 OGGETTO DELL\u2019AVVISO Il presente Avviso Pubblico, in applicazione ...\" \/>\r\n<meta property=\"og:url\" content=\"https:\/\/sociale.catrianerone.pu.it\/?p=608\" \/>\r\n<meta property=\"og:site_name\" content=\"Ambito Sociale 3\" \/>\r\n<meta property=\"article:publisher\" content=\"https:\/\/www.facebook.com\/profile.php?id=100064800606320\" \/>\r\n<meta property=\"article:published_time\" content=\"2020-10-29T11:07:05+00:00\" \/>\r\n<meta property=\"article:modified_time\" content=\"2022-12-05T11:12:57+00:00\" \/>\r\n<meta property=\"og:image\" content=\"https:\/\/sociale.catrianerone.pu.it\/wp-content\/uploads\/2020\/10\/anzianii.jpg\" \/>\r\n\t<meta property=\"og:image:width\" content=\"595\" \/>\r\n\t<meta property=\"og:image:height\" content=\"290\" \/>\r\n\t<meta property=\"og:image:type\" content=\"image\/jpeg\" \/>\r\n<meta name=\"author\" content=\"Francesco Giombini\" \/>\r\n<meta name=\"twitter:card\" content=\"summary_large_image\" \/>\r\n<meta name=\"twitter:label1\" content=\"Scritto da\" \/>\n\t<meta name=\"twitter:data1\" content=\"Francesco Giombini\" \/>\n\t<meta name=\"twitter:label2\" content=\"Tempo di lettura stimato\" \/>\n\t<meta name=\"twitter:data2\" content=\"15 minuti\" \/>\r\n<script type=\"application\/ld+json\" class=\"yoast-schema-graph\">{\"@context\":\"https:\/\/schema.org\",\"@graph\":[{\"@type\":\"Article\",\"@id\":\"https:\/\/sociale.catrianerone.pu.it\/?p=608#article\",\"isPartOf\":{\"@id\":\"https:\/\/sociale.catrianerone.pu.it\/?p=608\"},\"author\":{\"name\":\"Francesco Giombini\",\"@id\":\"https:\/\/sociale.catrianerone.pu.it\/#\/schema\/person\/5d212ea349b3866a02a23191e1f2524c\"},\"headline\":\"AVVISO PUBBLICO per la presentazione della domanda d\u2019accesso agli ASSEGNI DI CURA per anziani non autosufficienti anno 2021\",\"datePublished\":\"2020-10-29T11:07:05+00:00\",\"dateModified\":\"2022-12-05T11:12:57+00:00\",\"mainEntityOfPage\":{\"@id\":\"https:\/\/sociale.catrianerone.pu.it\/?p=608\"},\"wordCount\":2994,\"publisher\":{\"@id\":\"https:\/\/sociale.catrianerone.pu.it\/#organization\"},\"image\":{\"@id\":\"https:\/\/sociale.catrianerone.pu.it\/?p=608#primaryimage\"},\"thumbnailUrl\":\"https:\/\/sociale.catrianerone.pu.it\/wp-content\/uploads\/2020\/10\/anzianii.jpg\",\"articleSection\":[\"Anno 2020\"],\"inLanguage\":\"it-IT\"},{\"@type\":\"WebPage\",\"@id\":\"https:\/\/sociale.catrianerone.pu.it\/?p=608\",\"url\":\"https:\/\/sociale.catrianerone.pu.it\/?p=608\",\"name\":\"AVVISO PUBBLICO per la presentazione della domanda d\u2019accesso agli ASSEGNI DI CURA per anziani non autosufficienti anno 2021 - Ambito Sociale 3\",\"isPartOf\":{\"@id\":\"https:\/\/sociale.catrianerone.pu.it\/#website\"},\"primaryImageOfPage\":{\"@id\":\"https:\/\/sociale.catrianerone.pu.it\/?p=608#primaryimage\"},\"image\":{\"@id\":\"https:\/\/sociale.catrianerone.pu.it\/?p=608#primaryimage\"},\"thumbnailUrl\":\"https:\/\/sociale.catrianerone.pu.it\/wp-content\/uploads\/2020\/10\/anzianii.jpg\",\"datePublished\":\"2020-10-29T11:07:05+00:00\",\"dateModified\":\"2022-12-05T11:12:57+00:00\",\"breadcrumb\":{\"@id\":\"https:\/\/sociale.catrianerone.pu.it\/?p=608#breadcrumb\"},\"inLanguage\":\"it-IT\",\"potentialAction\":[{\"@type\":\"ReadAction\",\"target\":[\"https:\/\/sociale.catrianerone.pu.it\/?p=608\"]}]},{\"@type\":\"ImageObject\",\"inLanguage\":\"it-IT\",\"@id\":\"https:\/\/sociale.catrianerone.pu.it\/?p=608#primaryimage\",\"url\":\"https:\/\/sociale.catrianerone.pu.it\/wp-content\/uploads\/2020\/10\/anzianii.jpg\",\"contentUrl\":\"https:\/\/sociale.catrianerone.pu.it\/wp-content\/uploads\/2020\/10\/anzianii.jpg\",\"width\":595,\"height\":290},{\"@type\":\"BreadcrumbList\",\"@id\":\"https:\/\/sociale.catrianerone.pu.it\/?p=608#breadcrumb\",\"itemListElement\":[{\"@type\":\"ListItem\",\"position\":1,\"name\":\"Home\",\"item\":\"https:\/\/sociale.catrianerone.pu.it\/\"},{\"@type\":\"ListItem\",\"position\":2,\"name\":\"AVVISO PUBBLICO per la presentazione della domanda d\u2019accesso agli ASSEGNI DI CURA per anziani non autosufficienti anno 2021\"}]},{\"@type\":\"WebSite\",\"@id\":\"https:\/\/sociale.catrianerone.pu.it\/#website\",\"url\":\"https:\/\/sociale.catrianerone.pu.it\/\",\"name\":\"Ambito Sociale 3\",\"description\":\"Sito dei Servizi Sociali dell&#039;Unione Montana del Catria e Nerone\",\"publisher\":{\"@id\":\"https:\/\/sociale.catrianerone.pu.it\/#organization\"},\"potentialAction\":[{\"@type\":\"SearchAction\",\"target\":{\"@type\":\"EntryPoint\",\"urlTemplate\":\"https:\/\/sociale.catrianerone.pu.it\/?s={search_term_string}\"},\"query-input\":\"required name=search_term_string\"}],\"inLanguage\":\"it-IT\"},{\"@type\":\"Organization\",\"@id\":\"https:\/\/sociale.catrianerone.pu.it\/#organization\",\"name\":\"Ambito Sociale 3\",\"url\":\"https:\/\/sociale.catrianerone.pu.it\/\",\"logo\":{\"@type\":\"ImageObject\",\"inLanguage\":\"it-IT\",\"@id\":\"https:\/\/sociale.catrianerone.pu.it\/#\/schema\/logo\/image\/\",\"url\":\"https:\/\/sociale.catrianerone.pu.it\/wp-content\/uploads\/2022\/11\/logo-Ambito3.png\",\"contentUrl\":\"https:\/\/sociale.catrianerone.pu.it\/wp-content\/uploads\/2022\/11\/logo-Ambito3.png\",\"width\":483,\"height\":149,\"caption\":\"Ambito Sociale 3\"},\"image\":{\"@id\":\"https:\/\/sociale.catrianerone.pu.it\/#\/schema\/logo\/image\/\"},\"sameAs\":[\"https:\/\/www.facebook.com\/profile.php?id=100064800606320\"]},{\"@type\":\"Person\",\"@id\":\"https:\/\/sociale.catrianerone.pu.it\/#\/schema\/person\/5d212ea349b3866a02a23191e1f2524c\",\"name\":\"Francesco Giombini\",\"url\":\"https:\/\/sociale.catrianerone.pu.it\/?author=4\"}]}<\/script>\r\n<!-- \/ Yoast SEO plugin. -->","yoast_head_json":{"title":"AVVISO PUBBLICO per la presentazione della domanda d\u2019accesso agli ASSEGNI DI CURA per anziani non autosufficienti anno 2021 - Ambito Sociale 3","robots":{"index":"index","follow":"follow","max-snippet":"max-snippet:-1","max-image-preview":"max-image-preview:large","max-video-preview":"max-video-preview:-1"},"canonical":"https:\/\/sociale.catrianerone.pu.it\/?p=608","og_locale":"it_IT","og_type":"article","og_title":"AVVISO PUBBLICO per la presentazione della domanda d\u2019accesso agli ASSEGNI DI CURA per anziani non autosufficienti anno 2021 - Ambito Sociale 3","og_description":"DGR n. 1138 del 30\/09\/2019\u2013&nbsp;D.D. n. 120 del 22.04.2020 Delibera Comitato dei Sindaci n. 8 del 15.10.2020 OGGETTO DELL\u2019AVVISO Il presente Avviso Pubblico, in applicazione ...","og_url":"https:\/\/sociale.catrianerone.pu.it\/?p=608","og_site_name":"Ambito Sociale 3","article_publisher":"https:\/\/www.facebook.com\/profile.php?id=100064800606320","article_published_time":"2020-10-29T11:07:05+00:00","article_modified_time":"2022-12-05T11:12:57+00:00","og_image":[{"width":595,"height":290,"url":"https:\/\/sociale.catrianerone.pu.it\/wp-content\/uploads\/2020\/10\/anzianii.jpg","type":"image\/jpeg"}],"author":"Francesco Giombini","twitter_card":"summary_large_image","twitter_misc":{"Scritto da":"Francesco Giombini","Tempo di lettura stimato":"15 minuti"},"schema":{"@context":"https:\/\/schema.org","@graph":[{"@type":"Article","@id":"https:\/\/sociale.catrianerone.pu.it\/?p=608#article","isPartOf":{"@id":"https:\/\/sociale.catrianerone.pu.it\/?p=608"},"author":{"name":"Francesco Giombini","@id":"https:\/\/sociale.catrianerone.pu.it\/#\/schema\/person\/5d212ea349b3866a02a23191e1f2524c"},"headline":"AVVISO PUBBLICO per la presentazione della domanda d\u2019accesso agli ASSEGNI DI CURA per anziani non autosufficienti anno 2021","datePublished":"2020-10-29T11:07:05+00:00","dateModified":"2022-12-05T11:12:57+00:00","mainEntityOfPage":{"@id":"https:\/\/sociale.catrianerone.pu.it\/?p=608"},"wordCount":2994,"publisher":{"@id":"https:\/\/sociale.catrianerone.pu.it\/#organization"},"image":{"@id":"https:\/\/sociale.catrianerone.pu.it\/?p=608#primaryimage"},"thumbnailUrl":"https:\/\/sociale.catrianerone.pu.it\/wp-content\/uploads\/2020\/10\/anzianii.jpg","articleSection":["Anno 2020"],"inLanguage":"it-IT"},{"@type":"WebPage","@id":"https:\/\/sociale.catrianerone.pu.it\/?p=608","url":"https:\/\/sociale.catrianerone.pu.it\/?p=608","name":"AVVISO PUBBLICO per la presentazione della domanda d\u2019accesso agli ASSEGNI DI CURA per anziani non autosufficienti anno 2021 - Ambito Sociale 3","isPartOf":{"@id":"https:\/\/sociale.catrianerone.pu.it\/#website"},"primaryImageOfPage":{"@id":"https:\/\/sociale.catrianerone.pu.it\/?p=608#primaryimage"},"image":{"@id":"https:\/\/sociale.catrianerone.pu.it\/?p=608#primaryimage"},"thumbnailUrl":"https:\/\/sociale.catrianerone.pu.it\/wp-content\/uploads\/2020\/10\/anzianii.jpg","datePublished":"2020-10-29T11:07:05+00:00","dateModified":"2022-12-05T11:12:57+00:00","breadcrumb":{"@id":"https:\/\/sociale.catrianerone.pu.it\/?p=608#breadcrumb"},"inLanguage":"it-IT","potentialAction":[{"@type":"ReadAction","target":["https:\/\/sociale.catrianerone.pu.it\/?p=608"]}]},{"@type":"ImageObject","inLanguage":"it-IT","@id":"https:\/\/sociale.catrianerone.pu.it\/?p=608#primaryimage","url":"https:\/\/sociale.catrianerone.pu.it\/wp-content\/uploads\/2020\/10\/anzianii.jpg","contentUrl":"https:\/\/sociale.catrianerone.pu.it\/wp-content\/uploads\/2020\/10\/anzianii.jpg","width":595,"height":290},{"@type":"BreadcrumbList","@id":"https:\/\/sociale.catrianerone.pu.it\/?p=608#breadcrumb","itemListElement":[{"@type":"ListItem","position":1,"name":"Home","item":"https:\/\/sociale.catrianerone.pu.it\/"},{"@type":"ListItem","position":2,"name":"AVVISO PUBBLICO per la presentazione della domanda d\u2019accesso agli ASSEGNI DI CURA per anziani non autosufficienti anno 2021"}]},{"@type":"WebSite","@id":"https:\/\/sociale.catrianerone.pu.it\/#website","url":"https:\/\/sociale.catrianerone.pu.it\/","name":"Ambito Sociale 3","description":"Sito dei Servizi Sociali dell&#039;Unione Montana del Catria e Nerone","publisher":{"@id":"https:\/\/sociale.catrianerone.pu.it\/#organization"},"potentialAction":[{"@type":"SearchAction","target":{"@type":"EntryPoint","urlTemplate":"https:\/\/sociale.catrianerone.pu.it\/?s={search_term_string}"},"query-input":"required name=search_term_string"}],"inLanguage":"it-IT"},{"@type":"Organization","@id":"https:\/\/sociale.catrianerone.pu.it\/#organization","name":"Ambito Sociale 3","url":"https:\/\/sociale.catrianerone.pu.it\/","logo":{"@type":"ImageObject","inLanguage":"it-IT","@id":"https:\/\/sociale.catrianerone.pu.it\/#\/schema\/logo\/image\/","url":"https:\/\/sociale.catrianerone.pu.it\/wp-content\/uploads\/2022\/11\/logo-Ambito3.png","contentUrl":"https:\/\/sociale.catrianerone.pu.it\/wp-content\/uploads\/2022\/11\/logo-Ambito3.png","width":483,"height":149,"caption":"Ambito Sociale 3"},"image":{"@id":"https:\/\/sociale.catrianerone.pu.it\/#\/schema\/logo\/image\/"},"sameAs":["https:\/\/www.facebook.com\/profile.php?id=100064800606320"]},{"@type":"Person","@id":"https:\/\/sociale.catrianerone.pu.it\/#\/schema\/person\/5d212ea349b3866a02a23191e1f2524c","name":"Francesco Giombini","url":"https:\/\/sociale.catrianerone.pu.it\/?author=4"}]}},"_links":{"self":[{"href":"https:\/\/sociale.catrianerone.pu.it\/index.php?rest_route=\/wp\/v2\/posts\/608"}],"collection":[{"href":"https:\/\/sociale.catrianerone.pu.it\/index.php?rest_route=\/wp\/v2\/posts"}],"about":[{"href":"https:\/\/sociale.catrianerone.pu.it\/index.php?rest_route=\/wp\/v2\/types\/post"}],"author":[{"embeddable":true,"href":"https:\/\/sociale.catrianerone.pu.it\/index.php?rest_route=\/wp\/v2\/users\/4"}],"replies":[{"embeddable":true,"href":"https:\/\/sociale.catrianerone.pu.it\/index.php?rest_route=%2Fwp%2Fv2%2Fcomments&post=608"}],"version-history":[{"count":3,"href":"https:\/\/sociale.catrianerone.pu.it\/index.php?rest_route=\/wp\/v2\/posts\/608\/revisions"}],"predecessor-version":[{"id":1133,"href":"https:\/\/sociale.catrianerone.pu.it\/index.php?rest_route=\/wp\/v2\/posts\/608\/revisions\/1133"}],"wp:featuredmedia":[{"embeddable":true,"href":"https:\/\/sociale.catrianerone.pu.it\/index.php?rest_route=\/wp\/v2\/media\/930"}],"wp:attachment":[{"href":"https:\/\/sociale.catrianerone.pu.it\/index.php?rest_route=%2Fwp%2Fv2%2Fmedia&parent=608"}],"wp:term":[{"taxonomy":"category","embeddable":true,"href":"https:\/\/sociale.catrianerone.pu.it\/index.php?rest_route=%2Fwp%2Fv2%2Fcategories&post=608"},{"taxonomy":"post_tag","embeddable":true,"href":"https:\/\/sociale.catrianerone.pu.it\/index.php?rest_route=%2Fwp%2Fv2%2Ftags&post=608"}],"curies":[{"name":"wp","href":"https:\/\/api.w.org\/{rel}","templated":true}]}}