{"id":626,"date":"2020-12-23T11:26:53","date_gmt":"2020-12-23T11:26:53","guid":{"rendered":"http:\/\/sociale.catrianerone.pu.it\/?p=626"},"modified":"2022-12-05T10:54:52","modified_gmt":"2022-12-05T10:54:52","slug":"avviso-pubblico-progetto-sperimentale-di-vita-indipendente-per-le-persone-con-disabilita","status":"publish","type":"post","link":"https:\/\/sociale.catrianerone.pu.it\/?p=626","title":{"rendered":"AVVISO PUBBLICO  PROGETTO SPERIMENTALE  DI VITA INDIPENDENTE  PER LE PERSONE CON DISABILITA\u2019"},"content":{"rendered":"\n<p><strong>AMBITO TERRITORIALE SOCIALE N.6<br><\/strong><strong>Fano, Fratte Rosa, Mondavio, Mondolfo, Monte Porzio, Pergola, San Costanzo, San Lorenzo in Campo, Terre Roveresche<\/strong><\/p>\n\n\n\n<p><strong>AVVISO PUBBLICO<\/strong><\/p>\n\n\n\n<p><strong>PROGETTOSPERIMENTALE DIVITAINDIPENDENTE MINISTERIALE<\/strong><\/p>\n\n\n\n<p><strong>PER LE PERSONE CON DISABILITA\u2019<\/strong><\/p>\n\n\n\n<p><strong>(DPCM 21.11.2019 &#8211; L.R. 21\/2018 &#8211; DGR 1696\/2018 \u2013 L. n. 77\/2020)<\/strong><\/p>\n\n\n\n<p>L\u2019Ambito Territoriale Sociale n.6, in qualit\u00e0 di capofila degli A.T.S.3, A.T.S. 4, A.T.S.5, A.T.S. 7, rende note le modalit\u00e0 per la presentazione delle domande finalizzate alla partecipazione ai progetti sperimentali di \u201cVita indipendente Ministeriale\u201d.<br>Suddetta progettualit\u00e0 vuole consentire alle persone adulte con disabilit\u00e0 grave il raggiungimento della vita autonoma ed indipendente, favorendo il diritto di vivere in autonomia quale &#8220;soggetto attivo&#8221; e protagonista della propria vita e non gi\u00e0 di &#8220;mero fruitore di cure&#8221;.<\/p>\n\n\n\n<p>Per l\u2019individuazione dei beneficiari, la predisposizione e la redazione dei Progetti personalizzati di Vita Indipendente si far\u00e0 riferimento a quanto disposto dalla L. R. n.21\/2018 \u201cInterventi regionali per favorire la vita indipendente delle persone con disabilit\u00e0\u201d e dalle Linee Guida di cui alla DGR n.1696\/2018.<br>La durata dei progetti \u00e8 pari a 12 mesi.<\/p>\n\n\n\n<p>All\u2019esito dell\u2019istruttoria verr\u00e0 approvata una graduatoria unitaria tra le domande presentate nei 5 Ambiti territoriali coinvolti, sulla base dell\u2019accordo tra gli stessi formulato sul numero dei progetti ammissibili riconosciuti a ciascun ambito, in base ai criteri di seguito definiti.<\/p>\n\n\n\n<p><strong>1. DESTINATARI DEI PERCORSI DI VITA INDIPENDENTE<\/strong><\/p>\n\n\n\n<p>Possono presentare domanda persone con disabilit\u00e0 in situazione di gravit\u00e0, come individuate ai sensi del comma 3 dell&#8217;articolo 3 della legge 104\/1992, aventi i seguenti requisiti:<\/p>\n\n\n\n<p>a) aver compiuto 18 anni di et\u00e0 al momento della presentazione della domanda e non avere superato i 65 anni;<br>b) essere residenti nei comuni afferenti agli Ambiti Territoriali Sociali n. 3, 4, 5, 6, 7.<br>c) trovarsi in permanente grave limitazione dell&#8217;autonomia personale che non derivi da patologie strettamente connesse ai processi di invecchiamento, con livelli di intensit\u00e0 del bisogno assistenziale limitativo dell&#8217;autonomia personale, non superabile attraverso la fornitura di sussidi tecnici, informatici, protesici o altre forme di sostegno rivolte a facilitare l&#8217;autosufficienza;<\/p>\n\n\n\n<p>d) trovarsi nelle condizioni di esprimere la propria capacit\u00e0 di autodeterminazione e la volont\u00e0 di gestire in modo autonomo la propria esistenza e le proprie scelte.<\/p>\n\n\n\n<p>I contributi previsti dal presente avviso sono incompatibili con altre misure di sostegno riferite alle medesime finalit\u00e0 (disabilit\u00e0 gravissima, SLA, assegno di cura, servizi di sollievo) nonch\u00e9 con il progetto \u201cVita Indipendente\u201d regionale.<\/p>\n\n\n\n<p><strong>2. AREA DI INTERVENTO<\/strong><\/p>\n\n\n\n<p>Il finanziamento \u00e8 finalizzato a supportare i costi dell\u2019<strong>Assistente Personale,&nbsp;<\/strong>liberamente scelto dall\u2019utente mediante regolare contratto tra le parti nel quale risultano indicati modalit\u00e0 e tempi di realizzazione delle azioni richieste.<br>Gli Ambiti e, per essi, i Comuni capofila risultano estranei a qualsiasi rapporto di lavoro intercorrente tra beneficiari e assistenti selezionati.<\/p>\n\n\n\n<p>L&#8217;Assistente Personale \u00e8 un operatore che si prende cura della persona con disabilit\u00e0 contribuendone a sostenere il suo benessere psico-fisico; agisce secondo quanto previsto nel \u201cProgetto Personalizzato di Vita Indipendente\u201d redatto dalle Unit\u00e0 Multidisciplinari dell\u2019Et\u00e0 Adulta dell\u2019Area Vasta 1 e condiviso con la persona con disabilit\u00e0, al fine di mantenere e\/o migliorare la propria autonomia.<\/p>\n\n\n\n<p>Supporta la persona con disabilit\u00e0 in tutte le sue esigenze che possono riguardare i diversi ambiti della vita: cura della persona, ambito domestico, studio, formazione e lavoro, attivit\u00e0 ricreative e sportive, partecipazione alla vita sociale, civile e di comunit\u00e0.<br>Ogni onere assicurativo o previdenziale riguardante gli Assistenti Personali sono a carico della persona con disabilit\u00e0. Nel caso in cui la scelta cada su un Assistente Personale dipendente da un&#8217;impresa profit o no- profit, la persona con disabilit\u00e0 dovr\u00e0 sottoscrivere direttamente con l&#8217;impresa un contratto per la fornitura del servizio di assistenza.<\/p>\n\n\n\n<p><strong>3. PROGETTI PERSONALIZZATI DI VITA INDIPENDENTE<\/strong><\/p>\n\n\n\n<p>I soggetti interessati dovranno inoltrare la domanda entro i termini fissati all\u2019art.7 al Comune capofila dell\u2019Ambito di residenza (Fano, Fossombrone, Urbino, Cagli, Carpegna)<br>Ciascun Ambito provveder\u00e0 ad inoltrare la domanda alle Unit\u00e0 Multidisciplinari Et\u00e0 Adulta A.V. 1 di riferimento, alle quali spetter\u00e0 la presa in carico per la stesura del Progetto personalizzato dopo aver effettuato la valutazione multidimensionale del bisogno della persona con disabilit\u00e0 attraverso l\u2019impiego di specifiche scale di valutazione. Alle stesse Unit\u00e0 spetter\u00e0 la verifica dell\u2019andamento del Progetto personalizzato e dei risultati conseguiti.<\/p>\n\n\n\n<p>Le Unit\u00e0 Multidisciplinari provvederanno all\u2019invio dei Progetti Personalizzati all\u2019ATS 6 permettendo a quest\u2019ultimo la predisposizione della Scheda Progetto da inviare alla Regione Marche al fine dell\u2019accesso al finanziamento.<\/p>\n\n\n\n<p><strong>4. CRITERI DI VALUTAZIONE DEI PROGETTI PERSONALIZZATI DI VITA INDIPENDENTE<\/strong><\/p>\n\n\n\n<p>I progetti personalizzati di Vita Indipendente Ministeriale verranno valutati da un\u2019apposita commissione che provveder\u00e0 ad attribuire a ciascuno di essi, ai fini della stesura della graduatoria, un punteggio utilizzando le griglie di seguito riportate<\/p>\n\n\n\n<p><strong>INTENSIT\u00c0&#8217; DEL BISOGNO ASSISTENZIALE- SCALA DI PUNTEGGIO<\/strong><\/p>\n\n\n\n<figure class=\"wp-block-image\"><img decoding=\"async\" src=\"blob:https:\/\/sociale.catrianerone.pu.it\/4d248fc9-1def-4fa4-a7fc-74cb2388ed5b\" alt=\"page2image51806784\"\/><\/figure>\n\n\n\n<p><strong>BARTHEL<\/strong><\/p>\n\n\n\n<ol>\n<li>A &nbsp;LIVELLO MOLTO ALTO<\/li>\n\n\n\n<li>B &nbsp;LIVELLO ALTO<\/li>\n\n\n\n<li>C &nbsp;LIVELLO MEDIO<\/li>\n\n\n\n<li>D &nbsp;LIVELLO BASSO<\/li>\n<\/ol>\n\n\n\n<p><strong>CONDIZIONE FAMILIARE<\/strong><\/p>\n\n\n\n<p>20 15 10 5<\/p>\n\n\n\n<p><strong>PUNTEGGIO<\/strong><\/p>\n\n\n\n<ol>\n<li>A &nbsp;IL DISABILE VIVE DA SOLO<\/li>\n\n\n\n<li>B &nbsp;PRESENZA DI FAMILIARI CONVIVENTI IN ET\u00c0 AVANZATA 15E\/O IN PRECARIE CONDIZIONI DI SALUTE CERTIFICATE<\/li>\n\n\n\n<li>C &nbsp;PRESENZA DI FIGLI MINORENNI \u2013 A PRESCINDERE DAL 10NUMERO<\/li>\n<\/ol>\n\n\n\n<p><strong>Condizioni di priorit\u00e0:&nbsp;<\/strong>a parit\u00e0 di punteggio, verranno valutate le seguenti condizioni di priorit\u00e0:<\/p>\n\n\n\n<p>1) minore et\u00e0;<br>2) minore valore Isee in corso di validit\u00e0.<\/p>\n\n\n\n<p><strong>5. PROGETTI AMMESSI E CONTRIBUTO CONCEDIBILE<\/strong><\/p>\n\n\n\n<p>Potranno essere finanziati di regola n. 10 progetti e comunque fino alla concorrenza delle somme disponibili assegnate.<br>Indipendentemente dal budget attribuito al Progetto Personalizzato, il finanziamento individuale massimo riconosciuto al beneficiario per la durata dell\u2019intervento di 12 mesi \u00e8 commisurato ai seguenti livelli di intensit\u00e0 assistenziale:<\/p>\n\n\n\n<p>? livello molto alto: \u20ac 10.000,00;&nbsp;&nbsp;livello molto alto: \u20ac 10.000,00;&nbsp;? livello molto alto: \u20ac 10.000,00;&nbsp;&nbsp;livello alto: \u20ac 8.000,00;<br>? livello molto alto: \u20ac 10.000,00;&nbsp;&nbsp;livello medio: \u20ac 6.000,00;<br>? livello molto alto: \u20ac 10.000,00;&nbsp;&nbsp;livello basso: \u20ac 4.000,00<\/p>\n\n\n\n<p><strong>6. MODALITA\u2019 DI FINANZIAMENTO<\/strong><\/p>\n\n\n\n<p>Saranno finanziati i progetti di vita indipendente di coloro che risultano collocati in posizione utile nella graduatoria unica di Ambito e sino a concorrenza della somma massima disponibile, garantendo il rispetto del numero dei progetti assegnati a ciascun Ambito.<br>Il finanziamento dei singoli progetti avr\u00e0 la durata di un anno ed \u00e8 subordinato all\u2019effettiva erogazione dei fondi da parte della Regione Marche.<\/p>\n\n\n\n<p>I progetti verranno indicativamente avviati dal 1\u00b0 aprile 2021 e termineranno il 31 marzo 2022. L\u2019Ambito Territoriale Sociale 6 provveder\u00e0 alla liquidazione dei contributi spettanti ai singoli beneficiari.<\/p>\n\n\n\n<p><strong>7. TEMPI E MODALIT\u00c0\u2019 DI PRESENTAZIONE DELLE DOMANDE<\/strong><\/p>\n\n\n\n<p>La domanda dovr\u00e0 pervenire al Comune capofila dell\u2019A.T.S. territorialmente competente<\/p>\n\n\n\n<p><strong>ENTRO E NON OLTRE IL 15 GENNAIO 2021 (termine perentorio)<\/strong><\/p>\n\n\n\n<p>con le modalit\u00e0 previste dalla legge<\/p>\n\n\n\n<p>La domanda deve essere corredata obbligatoriamente, pena l\u2019esclusione, dalla seguente documentazione:<br>1. copia di un valido documento di identit\u00e0 (non richiesto in caso di domanda sottoscritta con firma digitale);<br>2.copia del verbale dell\u2019accertamento dell\u2019handicap con il riconoscimento della condizione di gravit\u00e0 (art. 3 c.3 L. 104\/92);<br>3. eventuale decreto di nomina di amministratore di sostegno, tutore, curatore<\/p>\n\n\n\n<p><strong>8. REPERIMENTO MODULI DI DOMANDA:<\/strong><\/p>\n\n\n\n<p>I moduli per presentare la domanda sono a disposizione presso:<\/p>\n\n\n\n<ul>\n<li>&#8211; &nbsp;le sedi dei Comuni capofila dell\u2019A.T.S. di residenza<\/li>\n\n\n\n<li>&#8211; &nbsp;siti istituzionali degli A.T.S.<\/li>\n\n\n\n<li>&#8211; &nbsp;Servizio UMEA dei territori interessati al presente Avviso<strong>9<\/strong>.&nbsp;<strong>RICHIESTA INFORMAZIONI<br><\/strong>Eventuali informazioni e\/o chiarimenti possono essere richiesti al Punto Unico di Accesso (P.U.A.), ove istituiti, ovvero agli U.P.S. dei rispettivi Ambiti.<strong>Dirigente Coordinatrice dell\u2019ATS n. 6 Dott.ssa Roberta Galdenzi<\/strong><\/li>\n<\/ul>\n","protected":false},"excerpt":{"rendered":"<p>AMBITO TERRITORIALE SOCIALE N.6Fano, Fratte Rosa, Mondavio, Mondolfo, Monte Porzio, Pergola, San Costanzo, San Lorenzo in Campo, Terre Roveresche AVVISO PUBBLICO PROGETTOSPERIMENTALE DIVITAINDIPENDENTE MINISTERIALE PER &#8230; <\/p>\n","protected":false},"author":4,"featured_media":932,"comment_status":"closed","ping_status":"closed","sticky":false,"template":"single-sidebar.php","format":"standard","meta":{"footnotes":""},"categories":[5],"tags":[],"yoast_head":"<!-- This site is optimized with the Yoast SEO plugin v22.6 - https:\/\/yoast.com\/wordpress\/plugins\/seo\/ -->\r\n<title>AVVISO PUBBLICO PROGETTO SPERIMENTALE DI VITA INDIPENDENTE PER LE PERSONE CON DISABILITA\u2019 - Ambito Sociale 3<\/title>\r\n<meta name=\"robots\" content=\"index, follow, max-snippet:-1, max-image-preview:large, max-video-preview:-1\" \/>\r\n<link rel=\"canonical\" href=\"https:\/\/sociale.catrianerone.pu.it\/?p=626\" \/>\r\n<meta property=\"og:locale\" content=\"it_IT\" \/>\r\n<meta property=\"og:type\" content=\"article\" \/>\r\n<meta property=\"og:title\" content=\"AVVISO PUBBLICO PROGETTO SPERIMENTALE DI VITA INDIPENDENTE PER LE PERSONE CON DISABILITA\u2019 - Ambito Sociale 3\" \/>\r\n<meta property=\"og:description\" content=\"AMBITO TERRITORIALE SOCIALE N.6Fano, Fratte Rosa, Mondavio, Mondolfo, Monte Porzio, Pergola, San Costanzo, San Lorenzo in Campo, Terre Roveresche AVVISO PUBBLICO PROGETTOSPERIMENTALE DIVITAINDIPENDENTE MINISTERIALE PER ...\" \/>\r\n<meta property=\"og:url\" content=\"https:\/\/sociale.catrianerone.pu.it\/?p=626\" \/>\r\n<meta property=\"og:site_name\" content=\"Ambito Sociale 3\" \/>\r\n<meta property=\"article:publisher\" content=\"https:\/\/www.facebook.com\/profile.php?id=100064800606320\" \/>\r\n<meta property=\"article:published_time\" content=\"2020-12-23T11:26:53+00:00\" \/>\r\n<meta property=\"article:modified_time\" content=\"2022-12-05T10:54:52+00:00\" \/>\r\n<meta property=\"og:image\" content=\"https:\/\/sociale.catrianerone.pu.it\/wp-content\/uploads\/2020\/12\/sedia-a-rotelle.jpg\" \/>\r\n\t<meta property=\"og:image:width\" content=\"1280\" \/>\r\n\t<meta property=\"og:image:height\" content=\"898\" \/>\r\n\t<meta property=\"og:image:type\" content=\"image\/jpeg\" \/>\r\n<meta name=\"author\" content=\"Francesco Giombini\" \/>\r\n<meta name=\"twitter:card\" content=\"summary_large_image\" \/>\r\n<meta name=\"twitter:label1\" content=\"Scritto da\" \/>\n\t<meta name=\"twitter:data1\" content=\"Francesco Giombini\" \/>\n\t<meta name=\"twitter:label2\" content=\"Tempo di lettura stimato\" \/>\n\t<meta name=\"twitter:data2\" content=\"7 minuti\" \/>\r\n<script type=\"application\/ld+json\" class=\"yoast-schema-graph\">{\"@context\":\"https:\/\/schema.org\",\"@graph\":[{\"@type\":\"Article\",\"@id\":\"https:\/\/sociale.catrianerone.pu.it\/?p=626#article\",\"isPartOf\":{\"@id\":\"https:\/\/sociale.catrianerone.pu.it\/?p=626\"},\"author\":{\"name\":\"Francesco Giombini\",\"@id\":\"https:\/\/sociale.catrianerone.pu.it\/#\/schema\/person\/5d212ea349b3866a02a23191e1f2524c\"},\"headline\":\"AVVISO PUBBLICO PROGETTO SPERIMENTALE DI VITA INDIPENDENTE PER LE PERSONE CON DISABILITA\u2019\",\"datePublished\":\"2020-12-23T11:26:53+00:00\",\"dateModified\":\"2022-12-05T10:54:52+00:00\",\"mainEntityOfPage\":{\"@id\":\"https:\/\/sociale.catrianerone.pu.it\/?p=626\"},\"wordCount\":1197,\"publisher\":{\"@id\":\"https:\/\/sociale.catrianerone.pu.it\/#organization\"},\"image\":{\"@id\":\"https:\/\/sociale.catrianerone.pu.it\/?p=626#primaryimage\"},\"thumbnailUrl\":\"https:\/\/sociale.catrianerone.pu.it\/wp-content\/uploads\/2020\/12\/sedia-a-rotelle.jpg\",\"articleSection\":[\"Anno 2020\"],\"inLanguage\":\"it-IT\"},{\"@type\":\"WebPage\",\"@id\":\"https:\/\/sociale.catrianerone.pu.it\/?p=626\",\"url\":\"https:\/\/sociale.catrianerone.pu.it\/?p=626\",\"name\":\"AVVISO PUBBLICO PROGETTO SPERIMENTALE DI VITA INDIPENDENTE PER LE PERSONE CON DISABILITA\u2019 - Ambito Sociale 3\",\"isPartOf\":{\"@id\":\"https:\/\/sociale.catrianerone.pu.it\/#website\"},\"primaryImageOfPage\":{\"@id\":\"https:\/\/sociale.catrianerone.pu.it\/?p=626#primaryimage\"},\"image\":{\"@id\":\"https:\/\/sociale.catrianerone.pu.it\/?p=626#primaryimage\"},\"thumbnailUrl\":\"https:\/\/sociale.catrianerone.pu.it\/wp-content\/uploads\/2020\/12\/sedia-a-rotelle.jpg\",\"datePublished\":\"2020-12-23T11:26:53+00:00\",\"dateModified\":\"2022-12-05T10:54:52+00:00\",\"breadcrumb\":{\"@id\":\"https:\/\/sociale.catrianerone.pu.it\/?p=626#breadcrumb\"},\"inLanguage\":\"it-IT\",\"potentialAction\":[{\"@type\":\"ReadAction\",\"target\":[\"https:\/\/sociale.catrianerone.pu.it\/?p=626\"]}]},{\"@type\":\"ImageObject\",\"inLanguage\":\"it-IT\",\"@id\":\"https:\/\/sociale.catrianerone.pu.it\/?p=626#primaryimage\",\"url\":\"https:\/\/sociale.catrianerone.pu.it\/wp-content\/uploads\/2020\/12\/sedia-a-rotelle.jpg\",\"contentUrl\":\"https:\/\/sociale.catrianerone.pu.it\/wp-content\/uploads\/2020\/12\/sedia-a-rotelle.jpg\",\"width\":1280,\"height\":898},{\"@type\":\"BreadcrumbList\",\"@id\":\"https:\/\/sociale.catrianerone.pu.it\/?p=626#breadcrumb\",\"itemListElement\":[{\"@type\":\"ListItem\",\"position\":1,\"name\":\"Home\",\"item\":\"https:\/\/sociale.catrianerone.pu.it\/\"},{\"@type\":\"ListItem\",\"position\":2,\"name\":\"AVVISO PUBBLICO PROGETTO SPERIMENTALE DI VITA INDIPENDENTE PER LE PERSONE CON DISABILITA\u2019\"}]},{\"@type\":\"WebSite\",\"@id\":\"https:\/\/sociale.catrianerone.pu.it\/#website\",\"url\":\"https:\/\/sociale.catrianerone.pu.it\/\",\"name\":\"Ambito Sociale 3\",\"description\":\"Sito dei Servizi Sociali dell&#039;Unione Montana del Catria e Nerone\",\"publisher\":{\"@id\":\"https:\/\/sociale.catrianerone.pu.it\/#organization\"},\"potentialAction\":[{\"@type\":\"SearchAction\",\"target\":{\"@type\":\"EntryPoint\",\"urlTemplate\":\"https:\/\/sociale.catrianerone.pu.it\/?s={search_term_string}\"},\"query-input\":\"required name=search_term_string\"}],\"inLanguage\":\"it-IT\"},{\"@type\":\"Organization\",\"@id\":\"https:\/\/sociale.catrianerone.pu.it\/#organization\",\"name\":\"Ambito Sociale 3\",\"url\":\"https:\/\/sociale.catrianerone.pu.it\/\",\"logo\":{\"@type\":\"ImageObject\",\"inLanguage\":\"it-IT\",\"@id\":\"https:\/\/sociale.catrianerone.pu.it\/#\/schema\/logo\/image\/\",\"url\":\"https:\/\/sociale.catrianerone.pu.it\/wp-content\/uploads\/2022\/11\/logo-Ambito3.png\",\"contentUrl\":\"https:\/\/sociale.catrianerone.pu.it\/wp-content\/uploads\/2022\/11\/logo-Ambito3.png\",\"width\":483,\"height\":149,\"caption\":\"Ambito Sociale 3\"},\"image\":{\"@id\":\"https:\/\/sociale.catrianerone.pu.it\/#\/schema\/logo\/image\/\"},\"sameAs\":[\"https:\/\/www.facebook.com\/profile.php?id=100064800606320\"]},{\"@type\":\"Person\",\"@id\":\"https:\/\/sociale.catrianerone.pu.it\/#\/schema\/person\/5d212ea349b3866a02a23191e1f2524c\",\"name\":\"Francesco Giombini\",\"url\":\"https:\/\/sociale.catrianerone.pu.it\/?author=4\"}]}<\/script>\r\n<!-- \/ Yoast SEO plugin. -->","yoast_head_json":{"title":"AVVISO PUBBLICO PROGETTO SPERIMENTALE DI VITA INDIPENDENTE PER LE PERSONE CON DISABILITA\u2019 - Ambito Sociale 3","robots":{"index":"index","follow":"follow","max-snippet":"max-snippet:-1","max-image-preview":"max-image-preview:large","max-video-preview":"max-video-preview:-1"},"canonical":"https:\/\/sociale.catrianerone.pu.it\/?p=626","og_locale":"it_IT","og_type":"article","og_title":"AVVISO PUBBLICO PROGETTO SPERIMENTALE DI VITA INDIPENDENTE PER LE PERSONE CON DISABILITA\u2019 - Ambito Sociale 3","og_description":"AMBITO TERRITORIALE SOCIALE N.6Fano, Fratte Rosa, Mondavio, Mondolfo, Monte Porzio, Pergola, San Costanzo, San Lorenzo in Campo, Terre Roveresche AVVISO PUBBLICO PROGETTOSPERIMENTALE DIVITAINDIPENDENTE MINISTERIALE PER ...","og_url":"https:\/\/sociale.catrianerone.pu.it\/?p=626","og_site_name":"Ambito Sociale 3","article_publisher":"https:\/\/www.facebook.com\/profile.php?id=100064800606320","article_published_time":"2020-12-23T11:26:53+00:00","article_modified_time":"2022-12-05T10:54:52+00:00","og_image":[{"width":1280,"height":898,"url":"https:\/\/sociale.catrianerone.pu.it\/wp-content\/uploads\/2020\/12\/sedia-a-rotelle.jpg","type":"image\/jpeg"}],"author":"Francesco Giombini","twitter_card":"summary_large_image","twitter_misc":{"Scritto da":"Francesco Giombini","Tempo di lettura stimato":"7 minuti"},"schema":{"@context":"https:\/\/schema.org","@graph":[{"@type":"Article","@id":"https:\/\/sociale.catrianerone.pu.it\/?p=626#article","isPartOf":{"@id":"https:\/\/sociale.catrianerone.pu.it\/?p=626"},"author":{"name":"Francesco Giombini","@id":"https:\/\/sociale.catrianerone.pu.it\/#\/schema\/person\/5d212ea349b3866a02a23191e1f2524c"},"headline":"AVVISO PUBBLICO PROGETTO SPERIMENTALE DI VITA INDIPENDENTE PER LE PERSONE CON DISABILITA\u2019","datePublished":"2020-12-23T11:26:53+00:00","dateModified":"2022-12-05T10:54:52+00:00","mainEntityOfPage":{"@id":"https:\/\/sociale.catrianerone.pu.it\/?p=626"},"wordCount":1197,"publisher":{"@id":"https:\/\/sociale.catrianerone.pu.it\/#organization"},"image":{"@id":"https:\/\/sociale.catrianerone.pu.it\/?p=626#primaryimage"},"thumbnailUrl":"https:\/\/sociale.catrianerone.pu.it\/wp-content\/uploads\/2020\/12\/sedia-a-rotelle.jpg","articleSection":["Anno 2020"],"inLanguage":"it-IT"},{"@type":"WebPage","@id":"https:\/\/sociale.catrianerone.pu.it\/?p=626","url":"https:\/\/sociale.catrianerone.pu.it\/?p=626","name":"AVVISO PUBBLICO PROGETTO SPERIMENTALE DI VITA INDIPENDENTE PER LE PERSONE CON DISABILITA\u2019 - Ambito Sociale 3","isPartOf":{"@id":"https:\/\/sociale.catrianerone.pu.it\/#website"},"primaryImageOfPage":{"@id":"https:\/\/sociale.catrianerone.pu.it\/?p=626#primaryimage"},"image":{"@id":"https:\/\/sociale.catrianerone.pu.it\/?p=626#primaryimage"},"thumbnailUrl":"https:\/\/sociale.catrianerone.pu.it\/wp-content\/uploads\/2020\/12\/sedia-a-rotelle.jpg","datePublished":"2020-12-23T11:26:53+00:00","dateModified":"2022-12-05T10:54:52+00:00","breadcrumb":{"@id":"https:\/\/sociale.catrianerone.pu.it\/?p=626#breadcrumb"},"inLanguage":"it-IT","potentialAction":[{"@type":"ReadAction","target":["https:\/\/sociale.catrianerone.pu.it\/?p=626"]}]},{"@type":"ImageObject","inLanguage":"it-IT","@id":"https:\/\/sociale.catrianerone.pu.it\/?p=626#primaryimage","url":"https:\/\/sociale.catrianerone.pu.it\/wp-content\/uploads\/2020\/12\/sedia-a-rotelle.jpg","contentUrl":"https:\/\/sociale.catrianerone.pu.it\/wp-content\/uploads\/2020\/12\/sedia-a-rotelle.jpg","width":1280,"height":898},{"@type":"BreadcrumbList","@id":"https:\/\/sociale.catrianerone.pu.it\/?p=626#breadcrumb","itemListElement":[{"@type":"ListItem","position":1,"name":"Home","item":"https:\/\/sociale.catrianerone.pu.it\/"},{"@type":"ListItem","position":2,"name":"AVVISO PUBBLICO PROGETTO SPERIMENTALE DI VITA INDIPENDENTE PER LE PERSONE CON DISABILITA\u2019"}]},{"@type":"WebSite","@id":"https:\/\/sociale.catrianerone.pu.it\/#website","url":"https:\/\/sociale.catrianerone.pu.it\/","name":"Ambito Sociale 3","description":"Sito dei Servizi Sociali dell&#039;Unione Montana del Catria e Nerone","publisher":{"@id":"https:\/\/sociale.catrianerone.pu.it\/#organization"},"potentialAction":[{"@type":"SearchAction","target":{"@type":"EntryPoint","urlTemplate":"https:\/\/sociale.catrianerone.pu.it\/?s={search_term_string}"},"query-input":"required name=search_term_string"}],"inLanguage":"it-IT"},{"@type":"Organization","@id":"https:\/\/sociale.catrianerone.pu.it\/#organization","name":"Ambito Sociale 3","url":"https:\/\/sociale.catrianerone.pu.it\/","logo":{"@type":"ImageObject","inLanguage":"it-IT","@id":"https:\/\/sociale.catrianerone.pu.it\/#\/schema\/logo\/image\/","url":"https:\/\/sociale.catrianerone.pu.it\/wp-content\/uploads\/2022\/11\/logo-Ambito3.png","contentUrl":"https:\/\/sociale.catrianerone.pu.it\/wp-content\/uploads\/2022\/11\/logo-Ambito3.png","width":483,"height":149,"caption":"Ambito Sociale 3"},"image":{"@id":"https:\/\/sociale.catrianerone.pu.it\/#\/schema\/logo\/image\/"},"sameAs":["https:\/\/www.facebook.com\/profile.php?id=100064800606320"]},{"@type":"Person","@id":"https:\/\/sociale.catrianerone.pu.it\/#\/schema\/person\/5d212ea349b3866a02a23191e1f2524c","name":"Francesco Giombini","url":"https:\/\/sociale.catrianerone.pu.it\/?author=4"}]}},"_links":{"self":[{"href":"https:\/\/sociale.catrianerone.pu.it\/index.php?rest_route=\/wp\/v2\/posts\/626"}],"collection":[{"href":"https:\/\/sociale.catrianerone.pu.it\/index.php?rest_route=\/wp\/v2\/posts"}],"about":[{"href":"https:\/\/sociale.catrianerone.pu.it\/index.php?rest_route=\/wp\/v2\/types\/post"}],"author":[{"embeddable":true,"href":"https:\/\/sociale.catrianerone.pu.it\/index.php?rest_route=\/wp\/v2\/users\/4"}],"replies":[{"embeddable":true,"href":"https:\/\/sociale.catrianerone.pu.it\/index.php?rest_route=%2Fwp%2Fv2%2Fcomments&post=626"}],"version-history":[{"count":3,"href":"https:\/\/sociale.catrianerone.pu.it\/index.php?rest_route=\/wp\/v2\/posts\/626\/revisions"}],"predecessor-version":[{"id":1125,"href":"https:\/\/sociale.catrianerone.pu.it\/index.php?rest_route=\/wp\/v2\/posts\/626\/revisions\/1125"}],"wp:featuredmedia":[{"embeddable":true,"href":"https:\/\/sociale.catrianerone.pu.it\/index.php?rest_route=\/wp\/v2\/media\/932"}],"wp:attachment":[{"href":"https:\/\/sociale.catrianerone.pu.it\/index.php?rest_route=%2Fwp%2Fv2%2Fmedia&parent=626"}],"wp:term":[{"taxonomy":"category","embeddable":true,"href":"https:\/\/sociale.catrianerone.pu.it\/index.php?rest_route=%2Fwp%2Fv2%2Fcategories&post=626"},{"taxonomy":"post_tag","embeddable":true,"href":"https:\/\/sociale.catrianerone.pu.it\/index.php?rest_route=%2Fwp%2Fv2%2Ftags&post=626"}],"curies":[{"name":"wp","href":"https:\/\/api.w.org\/{rel}","templated":true}]}}