{"id":809,"date":"2021-11-19T12:22:57","date_gmt":"2021-11-19T12:22:57","guid":{"rendered":"https:\/\/sociale.catrianerone.pu.it\/?p=809"},"modified":"2022-12-05T10:50:59","modified_gmt":"2022-12-05T10:50:59","slug":"avviso-relativo-alla-indizione-di-una-procedura-negoziata-sotto-soglia-comunitaria-per-laffidamento-dei-servizi-di-assistenza-educativa-e-sostegno-alle-funzioni-genitoriali-rivolti-a-residen","status":"publish","type":"post","link":"https:\/\/sociale.catrianerone.pu.it\/?p=809","title":{"rendered":"AVVISO RELATIVO ALLA INDIZIONE DI UNA PROCEDURA NEGOZIATA SOTTO SOGLIA COMUNITARIA, PER L\u2019AFFIDAMENTO DEI SERVIZI DI ASSISTENZA EDUCATIVA E SOSTEGNO ALLE FUNZIONI GENITORIALI RIVOLTI A RESIDENTI NEI COMUNI DELL\u2019ATS N. 3"},"content":{"rendered":"\r\n<p>L\u2019Unione Montana del Catria e Nerone (ente capofila dell\u2019ATS n.3) intende individuare un operatore economico cui affidare i servizi descritti e per la durata indicata nella documentazione di gara allegata alla Det. N. 170 del 16\/11\/2021.<br \/>La procedura sar\u00e0 svolta mediante Richiesta di offerta (RDO) sul Mercato elettronico della Pubblica amministrazione gestito da Consip S.p.A., da aggiudicare secondo il criterio dell\u2019offerta economicamente pi\u00f9 vantaggiosa previsto dall\u2019art. 95, comma 6, del d. lgs. n. 50\/2016 e s.m.i. (Codice dei contratti pubblici), secondo le indicazioni fornite di seguito.<\/p>\r\n\r\n\r\n\r\n<div class=\"wp-block-buttons is-layout-flex wp-block-buttons-is-layout-flex\">\r\n<div class=\"wp-block-button\">\u00a0<\/div>\r\n<\/div>\r\n","protected":false},"excerpt":{"rendered":"<p>L\u2019Unione Montana del Catria e Nerone (ente capofila dell\u2019ATS n.3) intende individuare un operatore economico cui affidare i servizi descritti e per la durata indicata &#8230; <\/p>\n","protected":false},"author":4,"featured_media":968,"comment_status":"closed","ping_status":"closed","sticky":false,"template":"single-sidebar.php","format":"standard","meta":{"footnotes":""},"categories":[6],"tags":[],"yoast_head":"<!-- This site is optimized with the Yoast SEO plugin v22.6 - https:\/\/yoast.com\/wordpress\/plugins\/seo\/ -->\r\n<title>AVVISO RELATIVO ALLA INDIZIONE DI UNA PROCEDURA NEGOZIATA SOTTO SOGLIA COMUNITARIA, PER L\u2019AFFIDAMENTO DEI SERVIZI DI ASSISTENZA EDUCATIVA E SOSTEGNO ALLE FUNZIONI GENITORIALI RIVOLTI A RESIDENTI NEI COMUNI DELL\u2019ATS N. 3 - Ambito Sociale 3<\/title>\r\n<meta name=\"robots\" content=\"index, follow, max-snippet:-1, max-image-preview:large, max-video-preview:-1\" \/>\r\n<link rel=\"canonical\" href=\"https:\/\/sociale.catrianerone.pu.it\/?p=809\" \/>\r\n<meta property=\"og:locale\" content=\"it_IT\" \/>\r\n<meta property=\"og:type\" content=\"article\" \/>\r\n<meta property=\"og:title\" content=\"AVVISO RELATIVO ALLA INDIZIONE DI UNA PROCEDURA NEGOZIATA SOTTO SOGLIA COMUNITARIA, PER L\u2019AFFIDAMENTO DEI SERVIZI DI ASSISTENZA EDUCATIVA E SOSTEGNO ALLE FUNZIONI GENITORIALI RIVOLTI A RESIDENTI NEI COMUNI DELL\u2019ATS N. 3 - Ambito Sociale 3\" \/>\r\n<meta property=\"og:description\" content=\"L\u2019Unione Montana del Catria e Nerone (ente capofila dell\u2019ATS n.3) intende individuare un operatore economico cui affidare i servizi descritti e per la durata indicata ...\" \/>\r\n<meta property=\"og:url\" content=\"https:\/\/sociale.catrianerone.pu.it\/?p=809\" \/>\r\n<meta property=\"og:site_name\" content=\"Ambito Sociale 3\" \/>\r\n<meta property=\"article:publisher\" content=\"https:\/\/www.facebook.com\/profile.php?id=100064800606320\" \/>\r\n<meta property=\"article:published_time\" content=\"2021-11-19T12:22:57+00:00\" \/>\r\n<meta property=\"article:modified_time\" content=\"2022-12-05T10:50:59+00:00\" \/>\r\n<meta property=\"og:image\" content=\"https:\/\/sociale.catrianerone.pu.it\/wp-content\/uploads\/2021\/11\/assistenza-specialistica.jpg\" \/>\r\n\t<meta property=\"og:image:width\" content=\"630\" \/>\r\n\t<meta property=\"og:image:height\" content=\"360\" \/>\r\n\t<meta property=\"og:image:type\" content=\"image\/jpeg\" \/>\r\n<meta name=\"author\" content=\"Francesco Giombini\" \/>\r\n<meta name=\"twitter:card\" content=\"summary_large_image\" \/>\r\n<meta name=\"twitter:label1\" content=\"Scritto da\" \/>\n\t<meta name=\"twitter:data1\" content=\"Francesco Giombini\" \/>\n\t<meta name=\"twitter:label2\" content=\"Tempo di lettura stimato\" \/>\n\t<meta name=\"twitter:data2\" content=\"1 minuto\" \/>\r\n<script type=\"application\/ld+json\" class=\"yoast-schema-graph\">{\"@context\":\"https:\/\/schema.org\",\"@graph\":[{\"@type\":\"Article\",\"@id\":\"https:\/\/sociale.catrianerone.pu.it\/?p=809#article\",\"isPartOf\":{\"@id\":\"https:\/\/sociale.catrianerone.pu.it\/?p=809\"},\"author\":{\"name\":\"Francesco Giombini\",\"@id\":\"https:\/\/sociale.catrianerone.pu.it\/#\/schema\/person\/5d212ea349b3866a02a23191e1f2524c\"},\"headline\":\"AVVISO RELATIVO ALLA INDIZIONE DI UNA PROCEDURA NEGOZIATA SOTTO SOGLIA COMUNITARIA, PER L\u2019AFFIDAMENTO DEI SERVIZI DI ASSISTENZA EDUCATIVA E SOSTEGNO ALLE FUNZIONI GENITORIALI RIVOLTI A RESIDENTI NEI COMUNI DELL\u2019ATS N. 3\",\"datePublished\":\"2021-11-19T12:22:57+00:00\",\"dateModified\":\"2022-12-05T10:50:59+00:00\",\"mainEntityOfPage\":{\"@id\":\"https:\/\/sociale.catrianerone.pu.it\/?p=809\"},\"wordCount\":121,\"publisher\":{\"@id\":\"https:\/\/sociale.catrianerone.pu.it\/#organization\"},\"image\":{\"@id\":\"https:\/\/sociale.catrianerone.pu.it\/?p=809#primaryimage\"},\"thumbnailUrl\":\"https:\/\/sociale.catrianerone.pu.it\/wp-content\/uploads\/2021\/11\/assistenza-specialistica.jpg\",\"articleSection\":[\"Anno 2021\"],\"inLanguage\":\"it-IT\"},{\"@type\":\"WebPage\",\"@id\":\"https:\/\/sociale.catrianerone.pu.it\/?p=809\",\"url\":\"https:\/\/sociale.catrianerone.pu.it\/?p=809\",\"name\":\"AVVISO RELATIVO ALLA INDIZIONE DI UNA PROCEDURA NEGOZIATA SOTTO SOGLIA COMUNITARIA, PER L\u2019AFFIDAMENTO DEI SERVIZI DI ASSISTENZA EDUCATIVA E SOSTEGNO ALLE FUNZIONI GENITORIALI RIVOLTI A RESIDENTI NEI COMUNI DELL\u2019ATS N. 3 - Ambito Sociale 3\",\"isPartOf\":{\"@id\":\"https:\/\/sociale.catrianerone.pu.it\/#website\"},\"primaryImageOfPage\":{\"@id\":\"https:\/\/sociale.catrianerone.pu.it\/?p=809#primaryimage\"},\"image\":{\"@id\":\"https:\/\/sociale.catrianerone.pu.it\/?p=809#primaryimage\"},\"thumbnailUrl\":\"https:\/\/sociale.catrianerone.pu.it\/wp-content\/uploads\/2021\/11\/assistenza-specialistica.jpg\",\"datePublished\":\"2021-11-19T12:22:57+00:00\",\"dateModified\":\"2022-12-05T10:50:59+00:00\",\"breadcrumb\":{\"@id\":\"https:\/\/sociale.catrianerone.pu.it\/?p=809#breadcrumb\"},\"inLanguage\":\"it-IT\",\"potentialAction\":[{\"@type\":\"ReadAction\",\"target\":[\"https:\/\/sociale.catrianerone.pu.it\/?p=809\"]}]},{\"@type\":\"ImageObject\",\"inLanguage\":\"it-IT\",\"@id\":\"https:\/\/sociale.catrianerone.pu.it\/?p=809#primaryimage\",\"url\":\"https:\/\/sociale.catrianerone.pu.it\/wp-content\/uploads\/2021\/11\/assistenza-specialistica.jpg\",\"contentUrl\":\"https:\/\/sociale.catrianerone.pu.it\/wp-content\/uploads\/2021\/11\/assistenza-specialistica.jpg\",\"width\":630,\"height\":360,\"caption\":\"Un enfant autiste travaille avec une \u00e9ducatrice, le 24 avril 2008 \u00e0 Paris \u00e0 l'institut m\u00e9dico-\u00e9ducatif \\\"Les petites victoires\\\", \u00e9cole unique qui utilise la m\u00e9thode ABA \\\"Applied Behavior Analysis\\\" (Analyse Appliqu\u00e9e du comportement). Le futur plan sur l'autisme sera pr\u00e9sent\u00e9 le 16 mai 2008, jour de la journ\u00e9e nationale de l'autisme, et comportera davantage de nouvelles places d'accueil que le pr\u00e9c\u00e9dent, qui en comptait 2.800, selon les d\u00e9clarations du ministre du Travail et de la Solidarit\u00e9 Xavier Bertrand, le 02 avril 2008, qui d\u00e9plorait \\\"des ann\u00e9es de retard\\\" en la mati\u00e8re. AFP PHOTO FRANCK FIFE \/ AFP PHOTO \/ FRANCK FIFE\"},{\"@type\":\"BreadcrumbList\",\"@id\":\"https:\/\/sociale.catrianerone.pu.it\/?p=809#breadcrumb\",\"itemListElement\":[{\"@type\":\"ListItem\",\"position\":1,\"name\":\"Home\",\"item\":\"https:\/\/sociale.catrianerone.pu.it\/\"},{\"@type\":\"ListItem\",\"position\":2,\"name\":\"AVVISO RELATIVO ALLA INDIZIONE DI UNA PROCEDURA NEGOZIATA SOTTO SOGLIA COMUNITARIA, PER L\u2019AFFIDAMENTO DEI SERVIZI DI ASSISTENZA EDUCATIVA E SOSTEGNO ALLE FUNZIONI GENITORIALI RIVOLTI A RESIDENTI NEI COMUNI DELL\u2019ATS N. 3\"}]},{\"@type\":\"WebSite\",\"@id\":\"https:\/\/sociale.catrianerone.pu.it\/#website\",\"url\":\"https:\/\/sociale.catrianerone.pu.it\/\",\"name\":\"Ambito Sociale 3\",\"description\":\"Sito dei Servizi Sociali dell&#039;Unione Montana del Catria e Nerone\",\"publisher\":{\"@id\":\"https:\/\/sociale.catrianerone.pu.it\/#organization\"},\"potentialAction\":[{\"@type\":\"SearchAction\",\"target\":{\"@type\":\"EntryPoint\",\"urlTemplate\":\"https:\/\/sociale.catrianerone.pu.it\/?s={search_term_string}\"},\"query-input\":\"required name=search_term_string\"}],\"inLanguage\":\"it-IT\"},{\"@type\":\"Organization\",\"@id\":\"https:\/\/sociale.catrianerone.pu.it\/#organization\",\"name\":\"Ambito Sociale 3\",\"url\":\"https:\/\/sociale.catrianerone.pu.it\/\",\"logo\":{\"@type\":\"ImageObject\",\"inLanguage\":\"it-IT\",\"@id\":\"https:\/\/sociale.catrianerone.pu.it\/#\/schema\/logo\/image\/\",\"url\":\"https:\/\/sociale.catrianerone.pu.it\/wp-content\/uploads\/2022\/11\/logo-Ambito3.png\",\"contentUrl\":\"https:\/\/sociale.catrianerone.pu.it\/wp-content\/uploads\/2022\/11\/logo-Ambito3.png\",\"width\":483,\"height\":149,\"caption\":\"Ambito Sociale 3\"},\"image\":{\"@id\":\"https:\/\/sociale.catrianerone.pu.it\/#\/schema\/logo\/image\/\"},\"sameAs\":[\"https:\/\/www.facebook.com\/profile.php?id=100064800606320\"]},{\"@type\":\"Person\",\"@id\":\"https:\/\/sociale.catrianerone.pu.it\/#\/schema\/person\/5d212ea349b3866a02a23191e1f2524c\",\"name\":\"Francesco Giombini\",\"url\":\"https:\/\/sociale.catrianerone.pu.it\/?author=4\"}]}<\/script>\r\n<!-- \/ Yoast SEO plugin. -->","yoast_head_json":{"title":"AVVISO RELATIVO ALLA INDIZIONE DI UNA PROCEDURA NEGOZIATA SOTTO SOGLIA COMUNITARIA, PER L\u2019AFFIDAMENTO DEI SERVIZI DI ASSISTENZA EDUCATIVA E SOSTEGNO ALLE FUNZIONI GENITORIALI RIVOLTI A RESIDENTI NEI COMUNI DELL\u2019ATS N. 3 - Ambito Sociale 3","robots":{"index":"index","follow":"follow","max-snippet":"max-snippet:-1","max-image-preview":"max-image-preview:large","max-video-preview":"max-video-preview:-1"},"canonical":"https:\/\/sociale.catrianerone.pu.it\/?p=809","og_locale":"it_IT","og_type":"article","og_title":"AVVISO RELATIVO ALLA INDIZIONE DI UNA PROCEDURA NEGOZIATA SOTTO SOGLIA COMUNITARIA, PER L\u2019AFFIDAMENTO DEI SERVIZI DI ASSISTENZA EDUCATIVA E SOSTEGNO ALLE FUNZIONI GENITORIALI RIVOLTI A RESIDENTI NEI COMUNI DELL\u2019ATS N. 3 - Ambito Sociale 3","og_description":"L\u2019Unione Montana del Catria e Nerone (ente capofila dell\u2019ATS n.3) intende individuare un operatore economico cui affidare i servizi descritti e per la durata indicata ...","og_url":"https:\/\/sociale.catrianerone.pu.it\/?p=809","og_site_name":"Ambito Sociale 3","article_publisher":"https:\/\/www.facebook.com\/profile.php?id=100064800606320","article_published_time":"2021-11-19T12:22:57+00:00","article_modified_time":"2022-12-05T10:50:59+00:00","og_image":[{"width":630,"height":360,"url":"https:\/\/sociale.catrianerone.pu.it\/wp-content\/uploads\/2021\/11\/assistenza-specialistica.jpg","type":"image\/jpeg"}],"author":"Francesco Giombini","twitter_card":"summary_large_image","twitter_misc":{"Scritto da":"Francesco Giombini","Tempo di lettura stimato":"1 minuto"},"schema":{"@context":"https:\/\/schema.org","@graph":[{"@type":"Article","@id":"https:\/\/sociale.catrianerone.pu.it\/?p=809#article","isPartOf":{"@id":"https:\/\/sociale.catrianerone.pu.it\/?p=809"},"author":{"name":"Francesco Giombini","@id":"https:\/\/sociale.catrianerone.pu.it\/#\/schema\/person\/5d212ea349b3866a02a23191e1f2524c"},"headline":"AVVISO RELATIVO ALLA INDIZIONE DI UNA PROCEDURA NEGOZIATA SOTTO SOGLIA COMUNITARIA, PER L\u2019AFFIDAMENTO DEI SERVIZI DI ASSISTENZA EDUCATIVA E SOSTEGNO ALLE FUNZIONI GENITORIALI RIVOLTI A RESIDENTI NEI COMUNI DELL\u2019ATS N. 3","datePublished":"2021-11-19T12:22:57+00:00","dateModified":"2022-12-05T10:50:59+00:00","mainEntityOfPage":{"@id":"https:\/\/sociale.catrianerone.pu.it\/?p=809"},"wordCount":121,"publisher":{"@id":"https:\/\/sociale.catrianerone.pu.it\/#organization"},"image":{"@id":"https:\/\/sociale.catrianerone.pu.it\/?p=809#primaryimage"},"thumbnailUrl":"https:\/\/sociale.catrianerone.pu.it\/wp-content\/uploads\/2021\/11\/assistenza-specialistica.jpg","articleSection":["Anno 2021"],"inLanguage":"it-IT"},{"@type":"WebPage","@id":"https:\/\/sociale.catrianerone.pu.it\/?p=809","url":"https:\/\/sociale.catrianerone.pu.it\/?p=809","name":"AVVISO RELATIVO ALLA INDIZIONE DI UNA PROCEDURA NEGOZIATA SOTTO SOGLIA COMUNITARIA, PER L\u2019AFFIDAMENTO DEI SERVIZI DI ASSISTENZA EDUCATIVA E SOSTEGNO ALLE FUNZIONI GENITORIALI RIVOLTI A RESIDENTI NEI COMUNI DELL\u2019ATS N. 3 - Ambito Sociale 3","isPartOf":{"@id":"https:\/\/sociale.catrianerone.pu.it\/#website"},"primaryImageOfPage":{"@id":"https:\/\/sociale.catrianerone.pu.it\/?p=809#primaryimage"},"image":{"@id":"https:\/\/sociale.catrianerone.pu.it\/?p=809#primaryimage"},"thumbnailUrl":"https:\/\/sociale.catrianerone.pu.it\/wp-content\/uploads\/2021\/11\/assistenza-specialistica.jpg","datePublished":"2021-11-19T12:22:57+00:00","dateModified":"2022-12-05T10:50:59+00:00","breadcrumb":{"@id":"https:\/\/sociale.catrianerone.pu.it\/?p=809#breadcrumb"},"inLanguage":"it-IT","potentialAction":[{"@type":"ReadAction","target":["https:\/\/sociale.catrianerone.pu.it\/?p=809"]}]},{"@type":"ImageObject","inLanguage":"it-IT","@id":"https:\/\/sociale.catrianerone.pu.it\/?p=809#primaryimage","url":"https:\/\/sociale.catrianerone.pu.it\/wp-content\/uploads\/2021\/11\/assistenza-specialistica.jpg","contentUrl":"https:\/\/sociale.catrianerone.pu.it\/wp-content\/uploads\/2021\/11\/assistenza-specialistica.jpg","width":630,"height":360,"caption":"Un enfant autiste travaille avec une \u00e9ducatrice, le 24 avril 2008 \u00e0 Paris \u00e0 l'institut m\u00e9dico-\u00e9ducatif \"Les petites victoires\", \u00e9cole unique qui utilise la m\u00e9thode ABA \"Applied Behavior Analysis\" (Analyse Appliqu\u00e9e du comportement). Le futur plan sur l'autisme sera pr\u00e9sent\u00e9 le 16 mai 2008, jour de la journ\u00e9e nationale de l'autisme, et comportera davantage de nouvelles places d'accueil que le pr\u00e9c\u00e9dent, qui en comptait 2.800, selon les d\u00e9clarations du ministre du Travail et de la Solidarit\u00e9 Xavier Bertrand, le 02 avril 2008, qui d\u00e9plorait \"des ann\u00e9es de retard\" en la mati\u00e8re. AFP PHOTO FRANCK FIFE \/ AFP PHOTO \/ FRANCK FIFE"},{"@type":"BreadcrumbList","@id":"https:\/\/sociale.catrianerone.pu.it\/?p=809#breadcrumb","itemListElement":[{"@type":"ListItem","position":1,"name":"Home","item":"https:\/\/sociale.catrianerone.pu.it\/"},{"@type":"ListItem","position":2,"name":"AVVISO RELATIVO ALLA INDIZIONE DI UNA PROCEDURA NEGOZIATA SOTTO SOGLIA COMUNITARIA, PER L\u2019AFFIDAMENTO DEI SERVIZI DI ASSISTENZA EDUCATIVA E SOSTEGNO ALLE FUNZIONI GENITORIALI RIVOLTI A RESIDENTI NEI COMUNI DELL\u2019ATS N. 3"}]},{"@type":"WebSite","@id":"https:\/\/sociale.catrianerone.pu.it\/#website","url":"https:\/\/sociale.catrianerone.pu.it\/","name":"Ambito Sociale 3","description":"Sito dei Servizi Sociali dell&#039;Unione Montana del Catria e Nerone","publisher":{"@id":"https:\/\/sociale.catrianerone.pu.it\/#organization"},"potentialAction":[{"@type":"SearchAction","target":{"@type":"EntryPoint","urlTemplate":"https:\/\/sociale.catrianerone.pu.it\/?s={search_term_string}"},"query-input":"required name=search_term_string"}],"inLanguage":"it-IT"},{"@type":"Organization","@id":"https:\/\/sociale.catrianerone.pu.it\/#organization","name":"Ambito Sociale 3","url":"https:\/\/sociale.catrianerone.pu.it\/","logo":{"@type":"ImageObject","inLanguage":"it-IT","@id":"https:\/\/sociale.catrianerone.pu.it\/#\/schema\/logo\/image\/","url":"https:\/\/sociale.catrianerone.pu.it\/wp-content\/uploads\/2022\/11\/logo-Ambito3.png","contentUrl":"https:\/\/sociale.catrianerone.pu.it\/wp-content\/uploads\/2022\/11\/logo-Ambito3.png","width":483,"height":149,"caption":"Ambito Sociale 3"},"image":{"@id":"https:\/\/sociale.catrianerone.pu.it\/#\/schema\/logo\/image\/"},"sameAs":["https:\/\/www.facebook.com\/profile.php?id=100064800606320"]},{"@type":"Person","@id":"https:\/\/sociale.catrianerone.pu.it\/#\/schema\/person\/5d212ea349b3866a02a23191e1f2524c","name":"Francesco Giombini","url":"https:\/\/sociale.catrianerone.pu.it\/?author=4"}]}},"_links":{"self":[{"href":"https:\/\/sociale.catrianerone.pu.it\/index.php?rest_route=\/wp\/v2\/posts\/809"}],"collection":[{"href":"https:\/\/sociale.catrianerone.pu.it\/index.php?rest_route=\/wp\/v2\/posts"}],"about":[{"href":"https:\/\/sociale.catrianerone.pu.it\/index.php?rest_route=\/wp\/v2\/types\/post"}],"author":[{"embeddable":true,"href":"https:\/\/sociale.catrianerone.pu.it\/index.php?rest_route=\/wp\/v2\/users\/4"}],"replies":[{"embeddable":true,"href":"https:\/\/sociale.catrianerone.pu.it\/index.php?rest_route=%2Fwp%2Fv2%2Fcomments&post=809"}],"version-history":[{"count":3,"href":"https:\/\/sociale.catrianerone.pu.it\/index.php?rest_route=\/wp\/v2\/posts\/809\/revisions"}],"predecessor-version":[{"id":1109,"href":"https:\/\/sociale.catrianerone.pu.it\/index.php?rest_route=\/wp\/v2\/posts\/809\/revisions\/1109"}],"wp:featuredmedia":[{"embeddable":true,"href":"https:\/\/sociale.catrianerone.pu.it\/index.php?rest_route=\/wp\/v2\/media\/968"}],"wp:attachment":[{"href":"https:\/\/sociale.catrianerone.pu.it\/index.php?rest_route=%2Fwp%2Fv2%2Fmedia&parent=809"}],"wp:term":[{"taxonomy":"category","embeddable":true,"href":"https:\/\/sociale.catrianerone.pu.it\/index.php?rest_route=%2Fwp%2Fv2%2Fcategories&post=809"},{"taxonomy":"post_tag","embeddable":true,"href":"https:\/\/sociale.catrianerone.pu.it\/index.php?rest_route=%2Fwp%2Fv2%2Ftags&post=809"}],"curies":[{"name":"wp","href":"https:\/\/api.w.org\/{rel}","templated":true}]}}